{"id":501893,"date":"2017-09-27T12:08:48","date_gmt":"2017-09-27T17:08:48","guid":{"rendered":"https:\/\/www.futboltotal.com.mx\/?p=501893"},"modified":"2017-09-27T12:08:48","modified_gmt":"2017-09-27T17:08:48","slug":"raul-jimenez-continua-en-la-agenda-del-everton","status":"publish","type":"post","link":"http:\/\/desarrollo.grupomedios.com\/futbol\/destacado-home\/raul-jimenez-continua-en-la-agenda-del-everton\/2017\/09","title":{"rendered":"Ra\u00fal Jim\u00e9nez contin\u00faa en la agenda del Everton"},"content":{"rendered":"<p>El atacante mexicano, <strong>Ra\u00fal Jim\u00e9nez<\/strong> sigue en la agenda del <strong>Everton<\/strong>, luego que no lograran ficharlo en el pasado mercado, buscar\u00edan su llegada en enero.<\/p>\n<p>De acuerdo con el diario ingl\u00e9s <em>The Mirror,<\/em> el delantero mexicano se encuentra en la agenda del Everton, a pesar que no indican una cifra tentativa, es un hecho que Jim\u00e9nez tiene contrato con el <strong>Benfica<\/strong> hasta 2020 y una cl\u00e1usula cercana a los<strong>\u00a060 millones de euros<\/strong>.<\/p>\n<p style=\"text-align: center;\"><span style=\"color: #333399;\"><a href=\"https:\/\/www.futboltotal.com.mx\/2017\/09\/jugador-aguanto-ruido-en-estadio-besiktas-pidio-cambio\/\" target=\"_blank\" rel=\"noopener\">VER M\u00c1S: Jugador no aguant\u00f3 ruido del estadio y pidi\u00f3 su cambio en Champions Legue<\/a><\/span><\/p>\n<p>Por otro lado, no es el \u00fanico nombre que suena para llegar a &#8216;The Toffees&#8217;, pues junto al mexicano estar\u00edan los nombres de\u00a0<strong>Seydou Doumbia<\/strong>, delantero del <strong>Sporting de Lisboa<\/strong>, <strong>Olivier Giroud<\/strong> del <strong>Arsenal<\/strong> y <strong>Kevin Gameiro<\/strong> del <strong>Atl\u00e9tico de Madrid<\/strong>.<\/p>\n<p>Jim\u00e9nez desear\u00eda salir del Benfica luego de no encontrar los minutos y verse en la sombra de\u00a0<strong>Haris Seferovi\u0107<\/strong> y <strong>Jonas<\/strong> en el cuadro de las \u00c1guilas.<\/p>\n<p style=\"text-align: center;\"><span style=\"color: #333399;\"><a href=\"https:\/\/www.futboltotal.com.mx\/2017\/09\/aficionado-entra-a-la-cancha-e-imita-festejo-de-cr7\/\" target=\"_blank\" rel=\"noopener\">VER M\u00c1S: Aficionado entra a la cancha e imita festejo de CR7<\/a><\/span><\/p>\n","protected":false},"excerpt":{"rendered":"<p>El delantero no ha sido titular con Benfica<\/p>\n","protected":false},"author":20,"featured_media":492325,"comment_status":"closed","ping_status":"closed","sticky":false,"template":"","format":"standard","meta":[],"categories":[5,3839],"tags":[6060,219,742],"_links":{"self":[{"href":"http:\/\/desarrollo.grupomedios.com\/futbol\/wp-json\/wp\/v2\/posts\/501893"}],"collection":[{"href":"http:\/\/desarrollo.grupomedios.com\/futbol\/wp-json\/wp\/v2\/posts"}],"about":[{"href":"http:\/\/desarrollo.grupomedios.com\/futbol\/wp-json\/wp\/v2\/types\/post"}],"author":[{"embeddable":true,"href":"http:\/\/desarrollo.grupomedios.com\/futbol\/wp-json\/wp\/v2\/users\/20"}],"replies":[{"embeddable":true,"href":"http:\/\/desarrollo.grupomedios.com\/futbol\/wp-json\/wp\/v2\/comments?post=501893"}],"version-history":[{"count":1,"href":"http:\/\/desarrollo.grupomedios.com\/futbol\/wp-json\/wp\/v2\/posts\/501893\/revisions"}],"predecessor-version":[{"id":501896,"href":"http:\/\/desarrollo.grupomedios.com\/futbol\/wp-json\/wp\/v2\/posts\/501893\/revisions\/501896"}],"wp:featuredmedia":[{"embeddable":true,"href":"http:\/\/desarrollo.grupomedios.com\/futbol\/wp-json\/wp\/v2\/media\/492325"}],"wp:attachment":[{"href":"http:\/\/desarrollo.grupomedios.com\/futbol\/wp-json\/wp\/v2\/media?parent=501893"}],"wp:term":[{"taxonomy":"category","embeddable":true,"href":"http:\/\/desarrollo.grupomedios.com\/futbol\/wp-json\/wp\/v2\/categories?post=501893"},{"taxonomy":"post_tag","embeddable":true,"href":"http:\/\/desarrollo.grupomedios.com\/futbol\/wp-json\/wp\/v2\/tags?post=501893"}],"curies":[{"name":"wp","href":"https:\/\/api.w.org\/{rel}","templated":true}]}}