{"id":501916,"date":"2017-09-27T14:41:03","date_gmt":"2017-09-27T19:41:03","guid":{"rendered":"https:\/\/www.futboltotal.com.mx\/?p=501916"},"modified":"2017-09-27T14:47:35","modified_gmt":"2017-09-27T19:47:35","slug":"neymar-olbigado-a-celebrar-gol-cavani","status":"publish","type":"post","link":"http:\/\/desarrollo.grupomedios.com\/futbol\/futbol-internacional\/neymar-olbigado-a-celebrar-gol-cavani\/2017\/09","title":{"rendered":"Neymar es &#8216;obligado&#8217; a celebrar gol de Cavani"},"content":{"rendered":"<p>Durante el partido entre el <span style=\"color: #3366ff;\"><a href=\"https:\/\/www.futboltotal.com.mx\/2017\/09\/201709psg-vs-fc-bayern-munich-uefa-champions-league-minuto-a-minuto\/\" target=\"_blank\" rel=\"noopener\">Paris Saint Germain y Bayern Munich en la UEFA Champions League<\/a><\/span>, el delantero uruguayo <strong>Edinson Cavani<\/strong> marc\u00f3 el segundo gol de los parisinos, situaci\u00f3n que no le caus\u00f3 mucho gust\u00f3 a<strong> Neymar<\/strong>.<\/p>\n<p>Al momento de que <strong>Cavani<\/strong> marcara el tanto, el atacante pas\u00f3 de largo al brasile\u00f1o y \u00e9ste prefiri\u00f3 ir a celebrar junto a <strong>Mbapp\u00e9<\/strong> antes de ir con el autor del segundo gol del PSG.<\/p>\n<p style=\"text-align: center;\"><span style=\"color: #3366ff;\"><a href=\"https:\/\/www.futboltotal.com.mx\/2017\/09\/lobos-buap-firmara-cinco-anos-televisa\/\">VER M\u00c1S: Lobos BUAP firmar\u00e1 por cinco a\u00f1os con Televisa<\/a><\/span><\/p>\n<blockquote class=\"twitter-tweet\" data-width=\"500\">\n<p lang=\"es\" dir=\"ltr\">Carlito no lo puede creer&#8230;!!Como define matador Cavani pone el 2do de PSG ante el Bayer Munich <a href=\"https:\/\/twitter.com\/hashtag\/PSGFCB?src=hash\">#PSGFCB<\/a> <a href=\"https:\/\/twitter.com\/hashtag\/UCL?src=hash\">#UCL<\/a> <a href=\"https:\/\/t.co\/3bP4LRtmzk\">pic.twitter.com\/3bP4LRtmzk<\/a><\/p>\n<p>&mdash; Jorge Melo (@JORGEMELOP_) <a href=\"https:\/\/twitter.com\/JORGEMELOP_\/status\/913123739444891649\">September 27, 2017<\/a><\/p><\/blockquote>\n<p><script async src=\"\/\/platform.twitter.com\/widgets.js\" charset=\"utf-8\"><\/script><\/p>\n<p>Incluso durante la celebraci\u00f3n entre todos los compa\u00f1eros, <strong>Dani Alves<\/strong> le pidi\u00f3 a <strong>Neymar<\/strong> que fuera a celebrar junto a <strong>Cavani<\/strong> para tratar de dar de entender que no hay problemas entre ellos, aunque parece que al uruguayo tampoco le gust\u00f3 la idea.<\/p>\n<blockquote class=\"twitter-video\" data-lang=\"es\">\n<p dir=\"ltr\" lang=\"es\"><a href=\"https:\/\/twitter.com\/hashtag\/UCLporTVC?src=hash\">#UCLporTVC<\/a> | Telecadena&#x1f4fa;<\/p>\n<p>\u23f133\u2019 NEYMAR ratifica que entre \u00e9l y CAVANI est\u00e1 todo solventado.<\/p>\n<p>\u26bd\ufe0f<a href=\"https:\/\/twitter.com\/hashtag\/PSG?src=hash\">#PSG<\/a> 2-0 <a href=\"https:\/\/twitter.com\/hashtag\/BAY?src=hash\">#BAY<\/a> <a href=\"https:\/\/t.co\/4lcmjr0WAK\">pic.twitter.com\/4lcmjr0WAK<\/a><\/p>\n<p>\u2014 Deportes TVC (@DeportesTVC) <a href=\"https:\/\/twitter.com\/DeportesTVC\/status\/913122633696382976\">27 de septiembre de 2017<\/a><\/p><\/blockquote>\n<p><script async src=\"\/\/platform.twitter.com\/widgets.js\" charset=\"utf-8\"><\/script><\/p>\n","protected":false},"excerpt":{"rendered":"<p>El brasile\u00f1o tuvo un festejo &#8220;t\u00edmido&#8221; con Cavani.<\/p>\n","protected":false},"author":20,"featured_media":501919,"comment_status":"closed","ping_status":"closed","sticky":false,"template":"","format":"standard","meta":[],"categories":[3841,3839],"tags":[2449,36,6001,114],"_links":{"self":[{"href":"http:\/\/desarrollo.grupomedios.com\/futbol\/wp-json\/wp\/v2\/posts\/501916"}],"collection":[{"href":"http:\/\/desarrollo.grupomedios.com\/futbol\/wp-json\/wp\/v2\/posts"}],"about":[{"href":"http:\/\/desarrollo.grupomedios.com\/futbol\/wp-json\/wp\/v2\/types\/post"}],"author":[{"embeddable":true,"href":"http:\/\/desarrollo.grupomedios.com\/futbol\/wp-json\/wp\/v2\/users\/20"}],"replies":[{"embeddable":true,"href":"http:\/\/desarrollo.grupomedios.com\/futbol\/wp-json\/wp\/v2\/comments?post=501916"}],"version-history":[{"count":2,"href":"http:\/\/desarrollo.grupomedios.com\/futbol\/wp-json\/wp\/v2\/posts\/501916\/revisions"}],"predecessor-version":[{"id":501924,"href":"http:\/\/desarrollo.grupomedios.com\/futbol\/wp-json\/wp\/v2\/posts\/501916\/revisions\/501924"}],"wp:featuredmedia":[{"embeddable":true,"href":"http:\/\/desarrollo.grupomedios.com\/futbol\/wp-json\/wp\/v2\/media\/501919"}],"wp:attachment":[{"href":"http:\/\/desarrollo.grupomedios.com\/futbol\/wp-json\/wp\/v2\/media?parent=501916"}],"wp:term":[{"taxonomy":"category","embeddable":true,"href":"http:\/\/desarrollo.grupomedios.com\/futbol\/wp-json\/wp\/v2\/categories?post=501916"},{"taxonomy":"post_tag","embeddable":true,"href":"http:\/\/desarrollo.grupomedios.com\/futbol\/wp-json\/wp\/v2\/tags?post=501916"}],"curies":[{"name":"wp","href":"https:\/\/api.w.org\/{rel}","templated":true}]}}