{"id":501934,"date":"2017-09-27T15:29:32","date_gmt":"2017-09-27T20:29:32","guid":{"rendered":"https:\/\/www.futboltotal.com.mx\/?p=501934"},"modified":"2017-09-27T16:29:43","modified_gmt":"2017-09-27T21:29:43","slug":"luis-quinones-dado-baja-definitiva-lobos-buap","status":"publish","type":"post","link":"http:\/\/desarrollo.grupomedios.com\/futbol\/futbol-mexicano\/luis-quinones-dado-baja-definitiva-lobos-buap\/2017\/09","title":{"rendered":"Luis Qui\u00f1ones es dado de baja definitiva por Lobos BUAP"},"content":{"rendered":"<p>El cuadro de<strong> Lobos BUAP<\/strong> hizo de forma oficial la baja del delantero <strong>Luis Qui\u00f1ones<\/strong> quien ya no pertenecer\u00e1 a la instituci\u00f3n.<\/p>\n<p>A trav\u00e9s de un comunicado, la directiva de Lobos dio a conocer que el jugador ya no pertenecer\u00e1 m\u00e1s a la plantilla:<\/p>\n<p style=\"text-align: center;\"><span style=\"color: #333399;\"><a href=\"https:\/\/www.futboltotal.com.mx\/2017\/09\/neymar-olbigado-a-celebrar-gol-cavani\/\" target=\"_blank\" rel=\"noopener\">VER M\u00c1S: Neymar &#8216;obligado&#8217; a celebrar gol con Cavani<\/a><\/span><\/p>\n<blockquote><p>&#8220;Durante su periodo de rehabilitaci\u00f3n incurri\u00f3 en repetidas indisciplinas, las cuales para la instituci\u00f3n son inadmisibles&#8221;, se lee en el breve comunicado del equipo.<\/p><\/blockquote>\n<p>Se trata de una baja sensible para el cuadro poblano, pues el colombiano marchaba como uno de los referentes del club, el n\u00famero &#8217;10&#8217; de la instituci\u00f3n<\/p>\n<blockquote class=\"twitter-tweet\" data-lang=\"es\">\n<p dir=\"ltr\" lang=\"pt\">Comunicado de Prensa Oficial. <a href=\"https:\/\/t.co\/iVxTdOx3mP\">pic.twitter.com\/iVxTdOx3mP<\/a><\/p>\n<p>\u2014 Lobos Buap Oficial (@LobosBuapMX) <a href=\"https:\/\/twitter.com\/LobosBuapMX\/status\/913135225512882176\">27 de septiembre de 2017<\/a><\/p><\/blockquote>\n<p><script async src=\"\/\/platform.twitter.com\/widgets.js\" charset=\"utf-8\"><\/script><\/p>\n<p style=\"text-align: center;\"><span style=\"color: #333399;\"><a href=\"https:\/\/www.futboltotal.com.mx\/2017\/09\/201709asi-se-escucha-festejo-cristiano-ronaldo-en-fifa-18\/\" target=\"_blank\" rel=\"noopener\">VER M\u00c1S: As\u00ed se escucha el festejo de Cristiano Ronaldo en FIFA 18<\/a><\/span><\/p>\n<p>&nbsp;<\/p>\n","protected":false},"excerpt":{"rendered":"<p>El colombiano registraba 6 goles en el torneo<\/p>\n","protected":false},"author":20,"featured_media":403730,"comment_status":"closed","ping_status":"closed","sticky":false,"template":"","format":"standard","meta":[],"categories":[2198,3845],"tags":[8357,64,431,6914],"_links":{"self":[{"href":"http:\/\/desarrollo.grupomedios.com\/futbol\/wp-json\/wp\/v2\/posts\/501934"}],"collection":[{"href":"http:\/\/desarrollo.grupomedios.com\/futbol\/wp-json\/wp\/v2\/posts"}],"about":[{"href":"http:\/\/desarrollo.grupomedios.com\/futbol\/wp-json\/wp\/v2\/types\/post"}],"author":[{"embeddable":true,"href":"http:\/\/desarrollo.grupomedios.com\/futbol\/wp-json\/wp\/v2\/users\/20"}],"replies":[{"embeddable":true,"href":"http:\/\/desarrollo.grupomedios.com\/futbol\/wp-json\/wp\/v2\/comments?post=501934"}],"version-history":[{"count":3,"href":"http:\/\/desarrollo.grupomedios.com\/futbol\/wp-json\/wp\/v2\/posts\/501934\/revisions"}],"predecessor-version":[{"id":501967,"href":"http:\/\/desarrollo.grupomedios.com\/futbol\/wp-json\/wp\/v2\/posts\/501934\/revisions\/501967"}],"wp:featuredmedia":[{"embeddable":true,"href":"http:\/\/desarrollo.grupomedios.com\/futbol\/wp-json\/wp\/v2\/media\/403730"}],"wp:attachment":[{"href":"http:\/\/desarrollo.grupomedios.com\/futbol\/wp-json\/wp\/v2\/media?parent=501934"}],"wp:term":[{"taxonomy":"category","embeddable":true,"href":"http:\/\/desarrollo.grupomedios.com\/futbol\/wp-json\/wp\/v2\/categories?post=501934"},{"taxonomy":"post_tag","embeddable":true,"href":"http:\/\/desarrollo.grupomedios.com\/futbol\/wp-json\/wp\/v2\/tags?post=501934"}],"curies":[{"name":"wp","href":"https:\/\/api.w.org\/{rel}","templated":true}]}}