{"id":501937,"date":"2017-09-27T15:47:09","date_gmt":"2017-09-27T20:47:09","guid":{"rendered":"https:\/\/www.futboltotal.com.mx\/?p=501937"},"modified":"2017-09-27T15:47:09","modified_gmt":"2017-09-27T20:47:09","slug":"psg-golea-al-bayern-en-reencuentro-cavani-neymar","status":"publish","type":"post","link":"http:\/\/desarrollo.grupomedios.com\/futbol\/destacado-home\/psg-golea-al-bayern-en-reencuentro-cavani-neymar\/2017\/09","title":{"rendered":"PSG golea al Bayern en reencuentro de Cavani y Neymar"},"content":{"rendered":"<p>En un partido donde <strong>Mbapp\u00e9<\/strong> sali\u00f3 inspirado para hacer que <strong>Cavani<\/strong> y <strong>Neymar<\/strong> marcaran, el <strong>PSG<\/strong> derrot\u00f3 3-0 al <strong>Bayern Munich<\/strong> en la cancha del Parque de los Pr\u00ednicipes, en un partido correspondiente a la <strong>Jornada 2 de la UEFA Champions League<\/strong>.<\/p>\n<p>Apenas al minuto 2&#8242; <strong>Neymar<\/strong> se quit\u00f3 a\u00a0 casi toda la defensa del <strong>Bayern<\/strong> para habilitar a <strong>Dani Alves<\/strong> y que el brasile\u00f1o abriera el marcador.<\/p>\n<p style=\"text-align: center;\"><span style=\"color: #3366ff;\"><a href=\"https:\/\/www.futboltotal.com.mx\/2017\/09\/neymar-obligado-a-celebrar-gol-cavani\/\">VER M\u00c1S: Neymar es \u2018obligado\u2019 a celebrar gol de Cavani<\/a><\/span><\/p>\n<blockquote class=\"twitter-tweet\" data-width=\"500\">\n<p lang=\"es\" dir=\"ltr\"><a href=\"https:\/\/twitter.com\/hashtag\/TardeDeCampeones?src=hash\">#TardeDeCampeones<\/a><\/p>\n<p>\u00a1Gran jugada de Neymar que asiste a Dani Alves para el primero del <a href=\"https:\/\/twitter.com\/PSG_inside\">@PSG_inside<\/a>! EN VIVO por TDcom <a href=\"https:\/\/t.co\/2LZKqqazsK\">https:\/\/t.co\/2LZKqqazsK<\/a> <a href=\"https:\/\/t.co\/klPT1BHZoi\">pic.twitter.com\/klPT1BHZoi<\/a><\/p>\n<p>&mdash; Televisa Deportes (@TD_Deportes) <a href=\"https:\/\/twitter.com\/TD_Deportes\/status\/913114310448095232\">September 27, 2017<\/a><\/p><\/blockquote>\n<p><script async src=\"\/\/platform.twitter.com\/widgets.js\" charset=\"utf-8\"><\/script><\/p>\n<p>Pese al gol en contra, el equipo b\u00e1varo se hizo de la posesi\u00f3n de la pelota y busc\u00f3 r\u00e1pidamente el empate por medio de <strong>Thomas M\u00fcller<\/strong> y <strong>Robert Lewandowski<\/strong>, que se encontraron con un <strong>Areola<\/strong> impas\u00e1ble.<\/p>\n<p>Incluso las opciones m\u00e1s claras las tuvo el defensa <strong>Javi Mart\u00ednez<\/strong>, pero la noche del portero espa\u00f1ol fue espectacular y todo los remates los termin\u00f3 por rechazar.<\/p>\n<blockquote class=\"twitter-tweet\" data-width=\"500\">\n<p lang=\"es\" dir=\"ltr\"><a href=\"https:\/\/twitter.com\/hashtag\/TardeDeCampeones?src=hash\">#TardeDeCampeones<\/a><\/p>\n<p>\u00a1Atajad\u00f3n de Alphonse Areola al gran disparo de Javi Mart\u00ednez! EN VIVO por TDcom <a href=\"https:\/\/t.co\/2LZKqqazsK\">https:\/\/t.co\/2LZKqqazsK<\/a> <a href=\"https:\/\/t.co\/wVy9P4OjrY\">pic.twitter.com\/wVy9P4OjrY<\/a><\/p>\n<p>&mdash; Televisa Deportes (@TD_Deportes) <a href=\"https:\/\/twitter.com\/TD_Deportes\/status\/913118134130708480\">September 27, 2017<\/a><\/p><\/blockquote>\n<p><script async src=\"\/\/platform.twitter.com\/widgets.js\" charset=\"utf-8\"><\/script><\/p>\n<p>Quienes no desaprovecharon las oportunidades fueron<strong> Mbapp\u00e9<\/strong> y <strong>Cavani<\/strong>. El joven franc\u00e9s corri\u00f3 toda la banda por derecha y dej\u00f3 el bal\u00f3n para que el uruguayo metiera un disparo imposible de atajar.<\/p>\n<blockquote class=\"twitter-tweet\" data-width=\"500\">\n<p lang=\"es\" dir=\"ltr\"><a href=\"https:\/\/twitter.com\/hashtag\/TardeDeCampeones?src=hash\">#TardeDeCampeones<\/a><\/p>\n<p>\u00a1Gran descolgada del PSG! Mbappe asiste a Cavani que marca un golazo. EN VIVO por TDcom <a href=\"https:\/\/t.co\/2LZKqqazsK\">https:\/\/t.co\/2LZKqqazsK<\/a> <a href=\"https:\/\/t.co\/cPBiF6AlA9\">pic.twitter.com\/cPBiF6AlA9<\/a><\/p>\n<p>&mdash; Televisa Deportes (@TD_Deportes) <a href=\"https:\/\/twitter.com\/TD_Deportes\/status\/913121778850979841\">September 27, 2017<\/a><\/p><\/blockquote>\n<p><script async src=\"\/\/platform.twitter.com\/widgets.js\" charset=\"utf-8\"><\/script><\/p>\n<p>Para la parte complementaria el partido fue el mismo. El <strong>Bayern Munich<\/strong> intent\u00f3 descontar pero Areola siempre estuvo atento a los remates de <strong>Vidal <\/strong>y<strong> Lewandowski<\/strong>.<\/p>\n<p>Del lado del <strong>PSG<\/strong>, el poderoso tridente sigui\u00f3 esperando al contragolpe de velocidad y al final otra vez <strong>Mbapp\u00e9<\/strong> gener\u00f3 una gran jugada para que <strong>Neymar<\/strong> terminara empujando el bal\u00f3n para el tercer gol.<\/p>\n<blockquote class=\"twitter-tweet\" data-width=\"500\">\n<p lang=\"es\" dir=\"ltr\"><a href=\"https:\/\/twitter.com\/hashtag\/TardeDeCampeones?src=hash\">#TardeDeCampeones<\/a><\/p>\n<p>\u00a1Excelente recorte de Mbappe que le deja el bal\u00f3n a Neymar para que defina! EN VIVO por TDcom <a href=\"https:\/\/t.co\/2LZKqqazsK\">https:\/\/t.co\/2LZKqqazsK<\/a> <a href=\"https:\/\/t.co\/7kfUsPklxR\">pic.twitter.com\/7kfUsPklxR<\/a><\/p>\n<p>&mdash; Televisa Deportes (@TD_Deportes) <a href=\"https:\/\/twitter.com\/TD_Deportes\/status\/913133825537933312\">September 27, 2017<\/a><\/p><\/blockquote>\n<p><script async src=\"\/\/platform.twitter.com\/widgets.js\" charset=\"utf-8\"><\/script><\/p>\n","protected":false},"excerpt":{"rendered":"<p>Cavani y Neymar &#8216;hicieron las paces&#8217; con goles.<\/p>\n","protected":false},"author":129,"featured_media":501943,"comment_status":"closed","ping_status":"closed","sticky":false,"template":"","format":"standard","meta":[],"categories":[5,3839],"tags":[2056,2449,36,8554,6001,114],"_links":{"self":[{"href":"http:\/\/desarrollo.grupomedios.com\/futbol\/wp-json\/wp\/v2\/posts\/501937"}],"collection":[{"href":"http:\/\/desarrollo.grupomedios.com\/futbol\/wp-json\/wp\/v2\/posts"}],"about":[{"href":"http:\/\/desarrollo.grupomedios.com\/futbol\/wp-json\/wp\/v2\/types\/post"}],"author":[{"embeddable":true,"href":"http:\/\/desarrollo.grupomedios.com\/futbol\/wp-json\/wp\/v2\/users\/129"}],"replies":[{"embeddable":true,"href":"http:\/\/desarrollo.grupomedios.com\/futbol\/wp-json\/wp\/v2\/comments?post=501937"}],"version-history":[{"count":1,"href":"http:\/\/desarrollo.grupomedios.com\/futbol\/wp-json\/wp\/v2\/posts\/501937\/revisions"}],"predecessor-version":[{"id":501944,"href":"http:\/\/desarrollo.grupomedios.com\/futbol\/wp-json\/wp\/v2\/posts\/501937\/revisions\/501944"}],"wp:featuredmedia":[{"embeddable":true,"href":"http:\/\/desarrollo.grupomedios.com\/futbol\/wp-json\/wp\/v2\/media\/501943"}],"wp:attachment":[{"href":"http:\/\/desarrollo.grupomedios.com\/futbol\/wp-json\/wp\/v2\/media?parent=501937"}],"wp:term":[{"taxonomy":"category","embeddable":true,"href":"http:\/\/desarrollo.grupomedios.com\/futbol\/wp-json\/wp\/v2\/categories?post=501937"},{"taxonomy":"post_tag","embeddable":true,"href":"http:\/\/desarrollo.grupomedios.com\/futbol\/wp-json\/wp\/v2\/tags?post=501937"}],"curies":[{"name":"wp","href":"https:\/\/api.w.org\/{rel}","templated":true}]}}