{"id":501941,"date":"2017-09-27T16:00:25","date_gmt":"2017-09-27T21:00:25","guid":{"rendered":"https:\/\/www.futboltotal.com.mx\/?p=501941"},"modified":"2017-09-27T16:00:25","modified_gmt":"2017-09-27T21:00:25","slug":"celta-vigo-donara-taquilla-juego-vs-pachuca-victimas-del-sismo","status":"publish","type":"post","link":"http:\/\/desarrollo.grupomedios.com\/futbol\/futbol-mexicano\/celta-vigo-donara-taquilla-juego-vs-pachuca-victimas-del-sismo\/2017\/09","title":{"rendered":"Celta de Vigo donar\u00e1 taquilla de juego vs Pachuca para v\u00edctimas del sismo"},"content":{"rendered":"<p>El <strong>Celta de Vigo<\/strong> dio a conocer que toda la taquilla que se genere del duelo amistoso contra <strong>Pachuca<\/strong> se donar\u00e1 para las v\u00edctimas del sismo en M\u00e9xico.<\/p>\n<p>El duelo entre los espa\u00f1oles y los mexicanos se realizar\u00e1 el pr\u00f3ximo 5 de octubre cuando se enfrenten ambos equipos en el estadio Bala\u00eddos, de Vigo.<\/p>\n<p style=\"text-align: center;\"><span style=\"color: #333399;\"><a href=\"https:\/\/www.futboltotal.com.mx\/2017\/09\/resultados-psg-3-0-bayern-munich-champions-league-cronica\">VER M\u00c1S:\u00a0<span class=\"item-title\">PSG golea al Bayern en reencuentro de Cavani y Neymar<\/span><\/a><\/span><\/p>\n<p>La directiva gallega se\u00f1al\u00f3 que el encuentro entre el Celta de Vigo y Pachuca tiene dos objetivos: servir como preparaci\u00f3n para los mexicanos en su b\u00fasqueda por trascender en el Mundial de Clubes y ayudar de forma ben\u00e9fica para la poblaci\u00f3n mexicana, que sufri\u00f3 grandes estragos tras el sismo de 7.1 grados.<\/p>\n<p style=\"text-align: center;\"><span style=\"color: #333399;\"><a href=\"https:\/\/www.futboltotal.com.mx\/2017\/09\/placa-hugo-sanchez-basurero-numero-uno-del-estadio-del-atletico\/\">VER M\u00c1S:\u00a0<span class=\"item-title\">Placa de Hugo S\u00e1nchez, basurero n\u00famero uno del estadio del Atl\u00e9tico<\/span><\/a><\/span><\/p>\n<p><a href=\"https:\/\/www.futboltotal.com.mx\/wp-content\/uploads\/2017\/09\/precios-juego.jpg\"><img decoding=\"async\" loading=\"lazy\" class=\"alignnone size-full wp-image-501948\" src=\"https:\/\/www.futboltotal.com.mx\/wp-content\/uploads\/2017\/09\/precios-juego.jpg\" alt=\"Celta de Vigo donar\u00e1 taquilla de juego vs Pachuca para v\u00edctimas del sismo 0\" srcset=\"http:\/\/desarrollo.grupomedios.com\/futbol\/wp-content\/uploads\/2017\/09\/precios-juego.jpg 1140w, http:\/\/desarrollo.grupomedios.com\/futbol\/wp-content\/uploads\/2017\/09\/precios-juego-150x150.jpg 150w, http:\/\/desarrollo.grupomedios.com\/futbol\/wp-content\/uploads\/2017\/09\/precios-juego-300x300.jpg 300w, http:\/\/desarrollo.grupomedios.com\/futbol\/wp-content\/uploads\/2017\/09\/precios-juego-768x768.jpg 768w, http:\/\/desarrollo.grupomedios.com\/futbol\/wp-content\/uploads\/2017\/09\/precios-juego-1024x1024.jpg 1024w\" sizes=\"(max-width: 1140px) 100vw, 1140px\" \/><\/a><\/p>\n","protected":false},"excerpt":{"rendered":"<p>La donaci\u00f3n de la taquilla se har\u00e1 de forma integra para las v\u00edctimas del sismo en M\u00e9xico<\/p>\n","protected":false},"author":20,"featured_media":501949,"comment_status":"closed","ping_status":"closed","sticky":false,"template":"","format":"standard","meta":[],"categories":[3839,2198,3844,3845],"tags":[2407,5968],"_links":{"self":[{"href":"http:\/\/desarrollo.grupomedios.com\/futbol\/wp-json\/wp\/v2\/posts\/501941"}],"collection":[{"href":"http:\/\/desarrollo.grupomedios.com\/futbol\/wp-json\/wp\/v2\/posts"}],"about":[{"href":"http:\/\/desarrollo.grupomedios.com\/futbol\/wp-json\/wp\/v2\/types\/post"}],"author":[{"embeddable":true,"href":"http:\/\/desarrollo.grupomedios.com\/futbol\/wp-json\/wp\/v2\/users\/20"}],"replies":[{"embeddable":true,"href":"http:\/\/desarrollo.grupomedios.com\/futbol\/wp-json\/wp\/v2\/comments?post=501941"}],"version-history":[{"count":1,"href":"http:\/\/desarrollo.grupomedios.com\/futbol\/wp-json\/wp\/v2\/posts\/501941\/revisions"}],"predecessor-version":[{"id":501950,"href":"http:\/\/desarrollo.grupomedios.com\/futbol\/wp-json\/wp\/v2\/posts\/501941\/revisions\/501950"}],"wp:featuredmedia":[{"embeddable":true,"href":"http:\/\/desarrollo.grupomedios.com\/futbol\/wp-json\/wp\/v2\/media\/501949"}],"wp:attachment":[{"href":"http:\/\/desarrollo.grupomedios.com\/futbol\/wp-json\/wp\/v2\/media?parent=501941"}],"wp:term":[{"taxonomy":"category","embeddable":true,"href":"http:\/\/desarrollo.grupomedios.com\/futbol\/wp-json\/wp\/v2\/categories?post=501941"},{"taxonomy":"post_tag","embeddable":true,"href":"http:\/\/desarrollo.grupomedios.com\/futbol\/wp-json\/wp\/v2\/tags?post=501941"}],"curies":[{"name":"wp","href":"https:\/\/api.w.org\/{rel}","templated":true}]}}