{"id":501959,"date":"2017-09-27T16:25:32","date_gmt":"2017-09-27T21:25:32","guid":{"rendered":"https:\/\/www.futboltotal.com.mx\/?p=501959"},"modified":"2017-09-27T16:26:02","modified_gmt":"2017-09-27T21:26:02","slug":"higuain-se-convierte-en-heroe-juventus-vence-a-olympiacos","status":"publish","type":"post","link":"http:\/\/desarrollo.grupomedios.com\/futbol\/futbol-internacional\/higuain-se-convierte-en-heroe-juventus-vence-a-olympiacos\/2017\/09","title":{"rendered":"Higua\u00edn se convierte en h\u00e9roe y Juventus vence a Olympiacos"},"content":{"rendered":"<p>El argentino <strong>Gonzalo Higua\u00edn<\/strong> fue decisivo este mi\u00e9rcoles para darle el triunfo al <strong>Juventus<\/strong> ante el <strong>Olympiacos<\/strong> griego en el grupo D de la <strong>Champions League<\/strong>, al entrar en la reanudaci\u00f3n y al desbloquear un encuentro complicado con una diana a 20 minutos del final.<\/p>\n<p>El &#8220;Pipita&#8221; empez\u00f3 el partido desde el banquillo, pero entr\u00f3 a la hora de juego y aprovech\u00f3 su primera ocasi\u00f3n para dar ventaja a un Juventus que sentenci\u00f3 su triunfo gracias a la diana del 2-0 marcada por el croata Mario Mandzukic.<\/p>\n<p>El Juventus alcanz\u00f3 de esta forma al Sporting Lisboa en la segunda posici\u00f3n en el grupo D, que ve al Barcelona como s\u00f3lido l\u00edder, al sumar seis puntos en dos partidos.<\/p>\n<p>Tras el tropiezo de Barcelona, los turineses encaraban el partido con la obligaci\u00f3n de ganar, pero les cost\u00f3 crear ocasiones peligrosas en los primeros 30 minutos ante la intensa presi\u00f3n del Olympiacos.<\/p>\n<p style=\"text-align: center;\"><span style=\"color: #333399;\"><a href=\"https:\/\/www.futboltotal.com.mx\/2017\/09\/raul-jimenez-continua-en-la-agenda-del-everton\/\" target=\"_blank\" rel=\"noopener\">VER M\u00c1S: Ra\u00fal Jim\u00e9nez contin\u00faa en la agenda del Everton<\/a><\/span><\/p>\n<p>Sin embargo, en la fase final de la primera mitad el Juventus subi\u00f3 la presi\u00f3n y, tras un cabezazo de Manduzkic enviado a c\u00f3rner por el portero belga <strong>Silvio Proto<\/strong>, roz\u00f3 la diana de la ventaja en el 45, cuando un centro del brasile\u00f1o <strong>\u00c1lex Sandro<\/strong> fue desviado en el poste por el defensa belga <strong>Bjorn Engels<\/strong>.<\/p>\n<p>En la reanudaci\u00f3n, los &#8220;bianconeri&#8221; volvieron a sufrir ante la presi\u00f3n del Olympiacos, lo que anim\u00f3 a Allegri a dar paso a Higua\u00edn, ovacionado por la afici\u00f3n del Allianz Stadium cuando salt\u00f3 al campo en sustituci\u00f3n de <strong>Cuadrado<\/strong> a la hora de juego.<\/p>\n<p>Y el &#8220;Pipita&#8221; tard\u00f3 apenas nueve minutos para firmar su primer gol del a\u00f1o en la Champions League tras un centro de \u00c1lex Sandro: el argentino golpe\u00f3 primero con la zurda y, tras el rechace de Proto, remat\u00f3 con la pierna derecha para romper la igualdad.<\/p>\n<blockquote class=\"twitter-video\" data-lang=\"es\">\n<p dir=\"ltr\" lang=\"es\">Higua\u00edn convirti\u00f3 un gol en la victoria de Juventus 2-0 ante Olympiakos por la UCL. <a href=\"https:\/\/t.co\/10DLVdnlah\">pic.twitter.com\/10DLVdnlah<\/a><\/p>\n<p>\u2014 Mundo Monumental (@MundoMonumental) <a href=\"https:\/\/twitter.com\/MundoMonumental\/status\/913147970211782656\">27 de septiembre de 2017<\/a><\/p><\/blockquote>\n<p><script async src=\"\/\/platform.twitter.com\/widgets.js\" charset=\"utf-8\"><\/script><\/p>\n<p>Fue un gol de gran importancia para Higua\u00edn, que llevaba ya m\u00e1s de dos semanas recibiendo unas duras cr\u00edticas por una parte del entorno de los turineses por sus recientes actuaciones.<\/p>\n<p>Tras adelantarse, los turineses dispusieron de mucho m\u00e1s espacio para combinar en zona ofensiva y sentenciaron el encuentro con la diana del 2-0, que se origin\u00f3 en una jugada del argentino <strong>Paulo Dybala<\/strong> y que llev\u00f3 la firma de<strong> Mandzukic<\/strong>.<\/p>\n<blockquote class=\"twitter-video\" data-lang=\"es\">\n<p dir=\"ltr\" lang=\"es\">Jajajaja&#8230; El Gol de Mandzukic a lo Marco P\u00e9rez !&#8230; Con la cara !!&#8230; <a href=\"https:\/\/twitter.com\/hashtag\/Juventus?src=hash&amp;ref_src=twsrc%5Etfw\">#Juventus<\/a> <a href=\"https:\/\/t.co\/h1Ff6CoUma\">pic.twitter.com\/h1Ff6CoUma<\/a><\/p>\n<p>\u2014 Jas\u00f3n FPC (@JASON_FPC) <a href=\"https:\/\/twitter.com\/JASON_FPC\/status\/913138381038718976?ref_src=twsrc%5Etfw\">27 de septiembre de 2017<\/a><\/p><\/blockquote>\n<p><script async src=\"\/\/platform.twitter.com\/widgets.js\" charset=\"utf-8\"><\/script><\/p>\n<p>La &#8220;Joya&#8221; intent\u00f3 superar a Proto con una vaselina que fue despejada en la l\u00ednea de gol por Engels, antes de que el propio Mandzukic empujara entre las mallas (m.80).<\/p>\n<p>As\u00ed, los turineses lograron salir ganadores de un duelo complicado y relanzaron sus ambiciones europeas tras la contundente derrota sufrida en la primera jornada en el Camp Nou.<\/p>\n<p style=\"text-align: center;\"><span style=\"color: #333399;\"><a href=\"https:\/\/www.futboltotal.com.mx\/2017\/09\/201709asi-se-escucha-festejo-cristiano-ronaldo-en-fifa-18\/\" target=\"_blank\" rel=\"noopener\">VER M\u00c1S: As\u00ed se escucha el festejo de Cristiano Ronaldo en el FIFA 18<\/a><\/span><\/p>\n","protected":false},"excerpt":{"rendered":"<p>El argentino sali\u00f3 de la banca y fue decisivo para su equipo<\/p>\n","protected":false},"author":144,"featured_media":501963,"comment_status":"closed","ping_status":"closed","sticky":false,"template":"","format":"standard","meta":[],"categories":[3839],"tags":[36,701,5999,6091,6669],"_links":{"self":[{"href":"http:\/\/desarrollo.grupomedios.com\/futbol\/wp-json\/wp\/v2\/posts\/501959"}],"collection":[{"href":"http:\/\/desarrollo.grupomedios.com\/futbol\/wp-json\/wp\/v2\/posts"}],"about":[{"href":"http:\/\/desarrollo.grupomedios.com\/futbol\/wp-json\/wp\/v2\/types\/post"}],"author":[{"embeddable":true,"href":"http:\/\/desarrollo.grupomedios.com\/futbol\/wp-json\/wp\/v2\/users\/144"}],"replies":[{"embeddable":true,"href":"http:\/\/desarrollo.grupomedios.com\/futbol\/wp-json\/wp\/v2\/comments?post=501959"}],"version-history":[{"count":1,"href":"http:\/\/desarrollo.grupomedios.com\/futbol\/wp-json\/wp\/v2\/posts\/501959\/revisions"}],"predecessor-version":[{"id":501964,"href":"http:\/\/desarrollo.grupomedios.com\/futbol\/wp-json\/wp\/v2\/posts\/501959\/revisions\/501964"}],"wp:featuredmedia":[{"embeddable":true,"href":"http:\/\/desarrollo.grupomedios.com\/futbol\/wp-json\/wp\/v2\/media\/501963"}],"wp:attachment":[{"href":"http:\/\/desarrollo.grupomedios.com\/futbol\/wp-json\/wp\/v2\/media?parent=501959"}],"wp:term":[{"taxonomy":"category","embeddable":true,"href":"http:\/\/desarrollo.grupomedios.com\/futbol\/wp-json\/wp\/v2\/categories?post=501959"},{"taxonomy":"post_tag","embeddable":true,"href":"http:\/\/desarrollo.grupomedios.com\/futbol\/wp-json\/wp\/v2\/tags?post=501959"}],"curies":[{"name":"wp","href":"https:\/\/api.w.org\/{rel}","templated":true}]}}