{"id":501968,"date":"2017-09-27T16:49:11","date_gmt":"2017-09-27T21:49:11","guid":{"rendered":"https:\/\/www.futboltotal.com.mx\/?p=501968"},"modified":"2017-09-27T16:49:11","modified_gmt":"2017-09-27T21:49:11","slug":"justin-timberlake-daria-show-mediotiempo-del-super-bowl-lii","status":"publish","type":"post","link":"http:\/\/desarrollo.grupomedios.com\/futbol\/cambio-de-juego\/justin-timberlake-daria-show-mediotiempo-del-super-bowl-lii\/2017\/09","title":{"rendered":"Justin Timberlake dar\u00eda el show de mediotiempo del Super Bowl LII"},"content":{"rendered":"<p>El cantante <strong>Justin Timberlake<\/strong> ser\u00eda el encargado de dar el show de mediotiempo del pr\u00f3ximo <strong>Super Bowl LII<\/strong>.<\/p>\n<p>La revista <em>US Weekly<\/em> confirm\u00f3 que son detalles los que separan al cantante y la <strong>NFL<\/strong> para que se anuncie en los pr\u00f3ximos d\u00edas la participaci\u00f3n del int\u00e9rprete de &#8220;Can&#8217;t stop the feeling&#8221;.<\/p>\n<blockquote class=\"twitter-video\" data-lang=\"es\">\n<p dir=\"ltr\" lang=\"en\">Is <a href=\"https:\/\/twitter.com\/hashtag\/JustinTimberlake?src=hash\">#JustinTimberlake<\/a> returning to the Super Bowl halftime show? <a href=\"https:\/\/t.co\/xStXB3ymxY\">pic.twitter.com\/xStXB3ymxY<\/a><\/p>\n<p>\u2014 Us Weekly (@usweekly) <a href=\"https:\/\/twitter.com\/usweekly\/status\/913066976364314624\">27 de septiembre de 2017<\/a><\/p><\/blockquote>\n<p><script async src=\"\/\/platform.twitter.com\/widgets.js\" charset=\"utf-8\"><\/script><\/p>\n<p>Timberlake tendr\u00eda su tercera participaci\u00f3n en un show de mediotiempo (2001 y 2004).<\/p>\n","protected":false},"excerpt":{"rendered":"<p>El cantante ser\u00eda el encargado de amenizar el show del pr\u00f3ximo Super Bowl<\/p>\n","protected":false},"author":20,"featured_media":501971,"comment_status":"closed","ping_status":"closed","sticky":false,"template":"","format":"standard","meta":[],"categories":[5419,5811],"tags":[10374,4395,10375],"_links":{"self":[{"href":"http:\/\/desarrollo.grupomedios.com\/futbol\/wp-json\/wp\/v2\/posts\/501968"}],"collection":[{"href":"http:\/\/desarrollo.grupomedios.com\/futbol\/wp-json\/wp\/v2\/posts"}],"about":[{"href":"http:\/\/desarrollo.grupomedios.com\/futbol\/wp-json\/wp\/v2\/types\/post"}],"author":[{"embeddable":true,"href":"http:\/\/desarrollo.grupomedios.com\/futbol\/wp-json\/wp\/v2\/users\/20"}],"replies":[{"embeddable":true,"href":"http:\/\/desarrollo.grupomedios.com\/futbol\/wp-json\/wp\/v2\/comments?post=501968"}],"version-history":[{"count":1,"href":"http:\/\/desarrollo.grupomedios.com\/futbol\/wp-json\/wp\/v2\/posts\/501968\/revisions"}],"predecessor-version":[{"id":501972,"href":"http:\/\/desarrollo.grupomedios.com\/futbol\/wp-json\/wp\/v2\/posts\/501968\/revisions\/501972"}],"wp:featuredmedia":[{"embeddable":true,"href":"http:\/\/desarrollo.grupomedios.com\/futbol\/wp-json\/wp\/v2\/media\/501971"}],"wp:attachment":[{"href":"http:\/\/desarrollo.grupomedios.com\/futbol\/wp-json\/wp\/v2\/media?parent=501968"}],"wp:term":[{"taxonomy":"category","embeddable":true,"href":"http:\/\/desarrollo.grupomedios.com\/futbol\/wp-json\/wp\/v2\/categories?post=501968"},{"taxonomy":"post_tag","embeddable":true,"href":"http:\/\/desarrollo.grupomedios.com\/futbol\/wp-json\/wp\/v2\/tags?post=501968"}],"curies":[{"name":"wp","href":"https:\/\/api.w.org\/{rel}","templated":true}]}}