{"id":501993,"date":"2017-09-27T19:01:39","date_gmt":"2017-09-28T00:01:39","guid":{"rendered":"https:\/\/www.futboltotal.com.mx\/?p=501993"},"modified":"2017-09-27T19:01:39","modified_gmt":"2017-09-28T00:01:39","slug":"marco-fabian-carlos-salcedo-adictos-al-fifa-18","status":"publish","type":"post","link":"http:\/\/desarrollo.grupomedios.com\/futbol\/futbol-internacional\/marco-fabian-carlos-salcedo-adictos-al-fifa-18\/2017\/09","title":{"rendered":"Marco Fabi\u00e1n y Carlos Salcedo, \u00bfadictos al FIFA 18?"},"content":{"rendered":"<p>Los futbolistas <strong>Marco Fabi\u00e1n y Carlos Salcedo<\/strong> aparecieron en redes sociales como unos aut\u00e9nticos &#8220;gamers&#8221;, despu\u00e9s de que fueran acusados en redes sociales por la novia de &#8216;Marquito&#8217;, <strong>Andrea S\u00e1nchez<\/strong>.<\/p>\n<p>En su cuenta de Instagram, Andrea S\u00e1nchez dio a conocer algunas im\u00e1genes donde aparecen los futbolistas del Eintracht Frankfurt en una &#8220;ardua&#8221; sesi\u00f3n de FIFA 18.<\/p>\n<p style=\"text-align: center;\"><span style=\"color: #333399;\"><a href=\"https:\/\/www.futboltotal.com.mx\/2017\/09\/todo-listo-primer-festival-futbol-cine-mexico\/\">VER M\u00c1S:\u00a0<span class=\"item-title\">\u00a1Todo listo para el primer Festival Futbol Cine en M\u00e9xico!<\/span><\/a><\/span><\/p>\n<p>El juego apenas estar\u00e1 a la venta en un par de d\u00edas, pero los futbolistas ya han tenido la oportunidad de acceder a \u00e9l, y poder utilizarlo antes que nadie.<\/p>\n<p>Estas son algunas de las im\u00e1genes que colg\u00f3 Andrea S\u00e1nchez, novia de Marco Fabi\u00e1n, en su cuenta de Instagram.<\/p>\n<div id=\"gallerysig\" style=\"display:none;\"><img alt=\"\" src=\"http:\/\/desarrollo.grupomedios.com\/futbol\/wp-content\/uploads\/2017\/09\/fabian-1.jpg\" data-image=\"http:\/\/desarrollo.grupomedios.com\/futbol\/wp-content\/uploads\/2017\/09\/fabian-1.jpg\" data-description=\"fabian-1\"><img alt=\"\" src=\"http:\/\/desarrollo.grupomedios.com\/futbol\/wp-content\/uploads\/2017\/09\/fabian-2.jpg\" data-image=\"http:\/\/desarrollo.grupomedios.com\/futbol\/wp-content\/uploads\/2017\/09\/fabian-2.jpg\" data-description=\"fabian-2\"><img alt=\"\" src=\"http:\/\/desarrollo.grupomedios.com\/futbol\/wp-content\/uploads\/2017\/09\/fabian-3.jpg\" data-image=\"http:\/\/desarrollo.grupomedios.com\/futbol\/wp-content\/uploads\/2017\/09\/fabian-3.jpg\" data-description=\"fabian-3\"><\/div>\n        <script>\n        \/\/galeria 1\n        jQuery(document).ready(function(){ \n            var api;\n            api = jQuery(\"#gallerysig\").unitegallery({\n                carousel_autoplay: false\n            }); \n        });\n        <\/script>\n        \n<p>&nbsp;<\/p>\n<p>&nbsp;<\/p>\n","protected":false},"excerpt":{"rendered":"<p>Los futbolistas mexicanos del Frankfurt se divirtieron de lo lindo<\/p>\n","protected":false},"author":20,"featured_media":501994,"comment_status":"closed","ping_status":"closed","sticky":false,"template":"","format":"standard","meta":[],"categories":[3839,6718],"tags":[10376,5531,4980,131],"_links":{"self":[{"href":"http:\/\/desarrollo.grupomedios.com\/futbol\/wp-json\/wp\/v2\/posts\/501993"}],"collection":[{"href":"http:\/\/desarrollo.grupomedios.com\/futbol\/wp-json\/wp\/v2\/posts"}],"about":[{"href":"http:\/\/desarrollo.grupomedios.com\/futbol\/wp-json\/wp\/v2\/types\/post"}],"author":[{"embeddable":true,"href":"http:\/\/desarrollo.grupomedios.com\/futbol\/wp-json\/wp\/v2\/users\/20"}],"replies":[{"embeddable":true,"href":"http:\/\/desarrollo.grupomedios.com\/futbol\/wp-json\/wp\/v2\/comments?post=501993"}],"version-history":[{"count":1,"href":"http:\/\/desarrollo.grupomedios.com\/futbol\/wp-json\/wp\/v2\/posts\/501993\/revisions"}],"predecessor-version":[{"id":501998,"href":"http:\/\/desarrollo.grupomedios.com\/futbol\/wp-json\/wp\/v2\/posts\/501993\/revisions\/501998"}],"wp:featuredmedia":[{"embeddable":true,"href":"http:\/\/desarrollo.grupomedios.com\/futbol\/wp-json\/wp\/v2\/media\/501994"}],"wp:attachment":[{"href":"http:\/\/desarrollo.grupomedios.com\/futbol\/wp-json\/wp\/v2\/media?parent=501993"}],"wp:term":[{"taxonomy":"category","embeddable":true,"href":"http:\/\/desarrollo.grupomedios.com\/futbol\/wp-json\/wp\/v2\/categories?post=501993"},{"taxonomy":"post_tag","embeddable":true,"href":"http:\/\/desarrollo.grupomedios.com\/futbol\/wp-json\/wp\/v2\/tags?post=501993"}],"curies":[{"name":"wp","href":"https:\/\/api.w.org\/{rel}","templated":true}]}}