{"id":501999,"date":"2017-09-27T19:33:07","date_gmt":"2017-09-28T00:33:07","guid":{"rendered":"https:\/\/www.futboltotal.com.mx\/?p=501999"},"modified":"2017-09-27T19:33:42","modified_gmt":"2017-09-28T00:33:42","slug":"mexico-no-jugara-la-copa-libertadores-2018","status":"publish","type":"post","link":"http:\/\/desarrollo.grupomedios.com\/futbol\/futbol-mexicano\/mexico-no-jugara-la-copa-libertadores-2018\/2017\/09","title":{"rendered":"M\u00e9xico no jugar\u00e1 la Copa Libertadores 2018"},"content":{"rendered":"<p>La posibilidad de que los equipos mexicanos participen en la <strong>Copa Libertadores 2018<\/strong> ser\u00e1 imposible.<\/p>\n<p>El portal de Internet <em>Super deportivo a.m.\u00a0<\/em>dio a conocer que la Conmebol y la<strong> Liga MX<\/strong> no lograron llegar a un acuerdo para que <strong>M\u00e9xico<\/strong> regresar\u00e1 a la competici\u00f3n sudamericana.<\/p>\n<p style=\"text-align: center;\"><span style=\"color: #333399;\"><a href=\"https:\/\/www.futboltotal.com.mx\/2017\/09\/marco-fabian-carlos-salcedo-adictos-al-fifa-18\/\">VER M\u00c1S:\u00a0<span class=\"item-title\">Marco Fabi\u00e1n y Carlos Salcedo, \u00bfadictos al FIFA 18?<\/span><\/a><\/span><\/p>\n<p>M\u00e9xico no estar\u00e1 presente por segundo a\u00f1o consecutivo en el torneo continental, el cual dar\u00e1 a conocer pr\u00f3ximamente su calendario para el 2018.<\/p>\n","protected":false},"excerpt":{"rendered":"<p>La diferencia de calendarios entre la Conmebol y la Liga MX no ha permitido esa oportunidad<\/p>\n","protected":false},"author":20,"featured_media":502000,"comment_status":"closed","ping_status":"closed","sticky":false,"template":"","format":"standard","meta":[],"categories":[7573,3839,2198],"tags":[10377,65],"_links":{"self":[{"href":"http:\/\/desarrollo.grupomedios.com\/futbol\/wp-json\/wp\/v2\/posts\/501999"}],"collection":[{"href":"http:\/\/desarrollo.grupomedios.com\/futbol\/wp-json\/wp\/v2\/posts"}],"about":[{"href":"http:\/\/desarrollo.grupomedios.com\/futbol\/wp-json\/wp\/v2\/types\/post"}],"author":[{"embeddable":true,"href":"http:\/\/desarrollo.grupomedios.com\/futbol\/wp-json\/wp\/v2\/users\/20"}],"replies":[{"embeddable":true,"href":"http:\/\/desarrollo.grupomedios.com\/futbol\/wp-json\/wp\/v2\/comments?post=501999"}],"version-history":[{"count":1,"href":"http:\/\/desarrollo.grupomedios.com\/futbol\/wp-json\/wp\/v2\/posts\/501999\/revisions"}],"predecessor-version":[{"id":502001,"href":"http:\/\/desarrollo.grupomedios.com\/futbol\/wp-json\/wp\/v2\/posts\/501999\/revisions\/502001"}],"wp:featuredmedia":[{"embeddable":true,"href":"http:\/\/desarrollo.grupomedios.com\/futbol\/wp-json\/wp\/v2\/media\/502000"}],"wp:attachment":[{"href":"http:\/\/desarrollo.grupomedios.com\/futbol\/wp-json\/wp\/v2\/media?parent=501999"}],"wp:term":[{"taxonomy":"category","embeddable":true,"href":"http:\/\/desarrollo.grupomedios.com\/futbol\/wp-json\/wp\/v2\/categories?post=501999"},{"taxonomy":"post_tag","embeddable":true,"href":"http:\/\/desarrollo.grupomedios.com\/futbol\/wp-json\/wp\/v2\/tags?post=501999"}],"curies":[{"name":"wp","href":"https:\/\/api.w.org\/{rel}","templated":true}]}}