{"id":502058,"date":"2017-10-26T10:26:52","date_gmt":"2017-10-26T15:26:52","guid":{"rendered":"https:\/\/www.futboltotal.com.mx\/?p=502058"},"modified":"2017-10-26T10:38:42","modified_gmt":"2017-10-26T15:38:42","slug":"que-futbolistas-son-los-personajes-de-club-de-cuervos","status":"publish","type":"post","link":"http:\/\/desarrollo.grupomedios.com\/futbol\/cambio-de-juego\/que-futbolistas-son-los-personajes-de-club-de-cuervos\/2017\/10","title":{"rendered":"\u00bfQu\u00e9 futbolistas son los personajes de Club de Cuervos?"},"content":{"rendered":"<p>Se estrena la tercera temporada de <strong>Club de Cuervos<\/strong> y en <strong>FUTBOL TOTAL<\/strong> queremos pasar de la ficci\u00f3n a la realidad, y hablar sobre los posibles personajes en qui\u00e9nes habr\u00edan estado inspirados los futbolistas de la serie.<\/p>\n<p>Uno de los personajes m\u00e1s representativos en el campo es el <strong>&#8216;Potro&#8217;<\/strong>, goleador extranjero letal en la cancha y un hombre que recurre a m\u00e9todos alternativos fuera de ella, un estilo que nos remite al goleador de los <strong>Tigres<\/strong>, <strong>Andr\u00e9-Pierre Gignac<\/strong>, quien recurri\u00f3 a su hipnotista John Milton para recuperar su olfato de gol.<\/p>\n<p style=\"text-align: center;\"><span style=\"color: #333399;\"><a href=\"https:\/\/www.futboltotal.com.mx\/2017\/09\/club-de-cuervos-une-hermanos-iglesias-tercera-temporada\/\">VER M\u00c1S:\u00a0<span class=\"item-title\">Club de Cuervos une a hermanos Iglesias para tercera temporada<\/span><\/a><\/span><\/p>\n<p>O que tal\u00a0<strong>Aitor Cardon\u00e9<\/strong>, un <strong>Ronaldinho<\/strong> que estuvo poco tiempo en la liga, pero le puso harto picante.<\/p>\n<p>Y qu\u00e9 me dicen de <strong>Salvador Iglesias Jr<\/strong>, \u00bfa que due\u00f1o te remite?<\/p>\n<p>[video_player]https:\/\/player.vimeo.com\/external\/239907261.hd.?s=4d5468ef773997226f3a89b11c95afa3e1cf932e&amp;profile_id=175[\/video_player]<\/p>\n","protected":false},"excerpt":{"rendered":"<p>\u00bfA qu\u00e9 jugador, t\u00e9cnico o directivo te recuerdan estos personajes en la realidad?<\/p>\n","protected":false},"author":160,"featured_media":506650,"comment_status":"closed","ping_status":"closed","sticky":false,"template":"","format":"standard","meta":[],"categories":[5419,7570],"tags":[6171],"_links":{"self":[{"href":"http:\/\/desarrollo.grupomedios.com\/futbol\/wp-json\/wp\/v2\/posts\/502058"}],"collection":[{"href":"http:\/\/desarrollo.grupomedios.com\/futbol\/wp-json\/wp\/v2\/posts"}],"about":[{"href":"http:\/\/desarrollo.grupomedios.com\/futbol\/wp-json\/wp\/v2\/types\/post"}],"author":[{"embeddable":true,"href":"http:\/\/desarrollo.grupomedios.com\/futbol\/wp-json\/wp\/v2\/users\/160"}],"replies":[{"embeddable":true,"href":"http:\/\/desarrollo.grupomedios.com\/futbol\/wp-json\/wp\/v2\/comments?post=502058"}],"version-history":[{"count":5,"href":"http:\/\/desarrollo.grupomedios.com\/futbol\/wp-json\/wp\/v2\/posts\/502058\/revisions"}],"predecessor-version":[{"id":502105,"href":"http:\/\/desarrollo.grupomedios.com\/futbol\/wp-json\/wp\/v2\/posts\/502058\/revisions\/502105"}],"wp:featuredmedia":[{"embeddable":true,"href":"http:\/\/desarrollo.grupomedios.com\/futbol\/wp-json\/wp\/v2\/media\/506650"}],"wp:attachment":[{"href":"http:\/\/desarrollo.grupomedios.com\/futbol\/wp-json\/wp\/v2\/media?parent=502058"}],"wp:term":[{"taxonomy":"category","embeddable":true,"href":"http:\/\/desarrollo.grupomedios.com\/futbol\/wp-json\/wp\/v2\/categories?post=502058"},{"taxonomy":"post_tag","embeddable":true,"href":"http:\/\/desarrollo.grupomedios.com\/futbol\/wp-json\/wp\/v2\/tags?post=502058"}],"curies":[{"name":"wp","href":"https:\/\/api.w.org\/{rel}","templated":true}]}}