{"id":502089,"date":"2017-09-28T11:00:09","date_gmt":"2017-09-28T16:00:09","guid":{"rendered":"https:\/\/www.futboltotal.com.mx\/?p=502089"},"modified":"2017-09-28T11:00:09","modified_gmt":"2017-09-28T16:00:09","slug":"real-madrid-pone-clausula-asensio-en-700-millones-euros%ef%bb%bf","status":"publish","type":"post","link":"http:\/\/desarrollo.grupomedios.com\/futbol\/futbol-internacional\/real-madrid-pone-clausula-asensio-en-700-millones-euros%ef%bb%bf\/2017\/09","title":{"rendered":"Real Madrid pone cl\u00e1usula de Asensio en 700 millones de euros\ufeff"},"content":{"rendered":"<p><strong>Marco Asensio<\/strong> renov\u00f3 con el <strong>Real Madrid<\/strong> y ser\u00e1 merengue hasta el<strong> 2023<\/strong>, adem\u00e1s tendr\u00e1 una cl\u00e1usula estratosf\u00e9rica para evitar alg\u00fan robo.<\/p>\n<p>El futbolista tendr\u00e1 una\u00a0cl\u00e1usula de rescisi\u00f3n de <strong>700 millones de euros<\/strong>; sin embargo no significa que se mantenga as\u00ed hasta 2023, pues podr\u00eda ser revisada en los pr\u00f3ximos a\u00f1os ya que solo se trata de una medida &#8216;anti-jeque&#8217;, de acuerdo con el <em>diario AS<\/em>.<\/p>\n<blockquote class=\"twitter-tweet\" data-lang=\"es\">\n<p dir=\"ltr\" lang=\"es\">\u270d\ufe0f <a href=\"https:\/\/twitter.com\/hashtag\/Asensio2023?src=hash&amp;ref_src=twsrc%5Etfw\">#Asensio2023<\/a><br \/>\n\u00a1Ma\u00f1ana, a las 14h00, acto de renovaci\u00f3n de <a href=\"https:\/\/twitter.com\/marcoasensio10?ref_src=twsrc%5Etfw\">@marcoasensio10<\/a> con el <a href=\"https:\/\/twitter.com\/hashtag\/RealMadrid?src=hash&amp;ref_src=twsrc%5Etfw\">#RealMadrid<\/a>! <a href=\"https:\/\/t.co\/r7E9LVjGqN\">https:\/\/t.co\/r7E9LVjGqN<\/a><\/p>\n<p>\u2014 Real Madrid C.F. (@realmadrid) <a href=\"https:\/\/twitter.com\/realmadrid\/status\/913427735036534786?ref_src=twsrc%5Etfw\">28 de septiembre de 2017<\/a><\/p><\/blockquote>\n<p><script async src=\"\/\/platform.twitter.com\/widgets.js\" charset=\"utf-8\"><\/script><\/p>\n<p style=\"text-align: center;\"><span style=\"color: #333399;\"><a href=\"https:\/\/www.futboltotal.com.mx\/2017\/09\/bayern-munich-se-cansa-carlo-ancelotti-es-cesado\/\" target=\"_blank\" rel=\"noopener\">VER M\u00c1S: Carlo Ancelotti se despide de Bayern Munich<\/a><\/span><\/p>\n<p>El futbolista de 21 a\u00f1os ha mostrado su talento dentro del terreno de juego y <strong>Zinedine Zidane<\/strong> le ha otorgado toda la confianza.<\/p>\n<p>Esta renovaci\u00f3n contin\u00faa con el plan del cuadro blanco ya que hasta ahora hab\u00edan logrado 5 renovaciones: <strong>Lucas V\u00e1zquez<\/strong> (2021), <strong>Bale<\/strong> (2022), <strong>Kroos<\/strong> (2022), <strong>Modric<\/strong> (2020) y <strong>Cristiano<\/strong>\u00a0<strong>Ronaldo<\/strong> (2021).<\/p>\n<p><iframe loading=\"lazy\" src=\"https:\/\/www.youtube.com\/embed\/EEJWHeSd0p8?feature=oembed\" frameborder=\"0\" allowfullscreen><\/iframe><\/p>\n<p style=\"text-align: center;\"><span style=\"color: #333399;\"><a href=\"https:\/\/www.futboltotal.com.mx\/2017\/09\/el-11-ideal-de-la-jornada-11-del-apertura-2017\/\" target=\"_blank\" rel=\"noopener\">VER M\u00c1S: 11 ideal de la Jornada 11 del Apertura 2017<\/a><\/span><\/p>\n","protected":false},"excerpt":{"rendered":"<p>El espa\u00f1ol es una de las joyas merengues<\/p>\n","protected":false},"author":20,"featured_media":487685,"comment_status":"closed","ping_status":"closed","sticky":false,"template":"","format":"standard","meta":[],"categories":[3839],"tags":[253,6116,5988],"_links":{"self":[{"href":"http:\/\/desarrollo.grupomedios.com\/futbol\/wp-json\/wp\/v2\/posts\/502089"}],"collection":[{"href":"http:\/\/desarrollo.grupomedios.com\/futbol\/wp-json\/wp\/v2\/posts"}],"about":[{"href":"http:\/\/desarrollo.grupomedios.com\/futbol\/wp-json\/wp\/v2\/types\/post"}],"author":[{"embeddable":true,"href":"http:\/\/desarrollo.grupomedios.com\/futbol\/wp-json\/wp\/v2\/users\/20"}],"replies":[{"embeddable":true,"href":"http:\/\/desarrollo.grupomedios.com\/futbol\/wp-json\/wp\/v2\/comments?post=502089"}],"version-history":[{"count":1,"href":"http:\/\/desarrollo.grupomedios.com\/futbol\/wp-json\/wp\/v2\/posts\/502089\/revisions"}],"predecessor-version":[{"id":502091,"href":"http:\/\/desarrollo.grupomedios.com\/futbol\/wp-json\/wp\/v2\/posts\/502089\/revisions\/502091"}],"wp:featuredmedia":[{"embeddable":true,"href":"http:\/\/desarrollo.grupomedios.com\/futbol\/wp-json\/wp\/v2\/media\/487685"}],"wp:attachment":[{"href":"http:\/\/desarrollo.grupomedios.com\/futbol\/wp-json\/wp\/v2\/media?parent=502089"}],"wp:term":[{"taxonomy":"category","embeddable":true,"href":"http:\/\/desarrollo.grupomedios.com\/futbol\/wp-json\/wp\/v2\/categories?post=502089"},{"taxonomy":"post_tag","embeddable":true,"href":"http:\/\/desarrollo.grupomedios.com\/futbol\/wp-json\/wp\/v2\/tags?post=502089"}],"curies":[{"name":"wp","href":"https:\/\/api.w.org\/{rel}","templated":true}]}}