{"id":502098,"date":"2017-09-28T11:38:06","date_gmt":"2017-09-28T16:38:06","guid":{"rendered":"https:\/\/www.futboltotal.com.mx\/?p=502098"},"modified":"2017-09-28T11:38:06","modified_gmt":"2017-09-28T16:38:06","slug":"asi-fue-la-reconciliacion-joserra-andre-marin-perro-bermudez","status":"publish","type":"post","link":"http:\/\/desarrollo.grupomedios.com\/futbol\/cambio-de-juego\/asi-fue-la-reconciliacion-joserra-andre-marin-perro-bermudez\/2017\/09","title":{"rendered":"As\u00ed fue la reconciliaci\u00f3n entre Joserra, Andr\u00e9 Mar\u00edn y el Perro Berm\u00fadez"},"content":{"rendered":"<p>Tras la finalizaci\u00f3n de la Jornada 11 del Apertura 2017, se llev\u00f3 a cabo la \u00faltima de edici\u00f3n de <strong>Unidos Por los Nuestros<\/strong>, donde estuvieron juntos en el programa <strong>Andr\u00e9 Mar\u00edn,<\/strong> <strong>Jos\u00e9 Ram\u00f3n Fern\u00e1ndez<\/strong> y <strong>Enrique Bermudez<\/strong>, entre otros, durante la transmisi\u00f3n para ayudar a los damnificados de M\u00e9xico, Estados Unidos y el Caribe.<\/p>\n<p>Adem\u00e1s de hablar de deportes, se sacaron sus trapitos al sol, recordaron viejas rencillas, an\u00e9cdotas divertidas y fuertes, y hasta abrazos de reconciliaci\u00f3n nos regalaron entre algunos personajes, como Joserra y Mar\u00edn, quienes salieron peleados de <strong>TV Azteca<\/strong>.<\/p>\n<p style=\"text-align: center;\"><span style=\"color: #3366ff;\"><a href=\"https:\/\/www.futboltotal.com.mx\/2017\/09\/el-11-ideal-de-la-jornada-11-del-apertura-2017\/\">VER M\u00c1S: El 11 ideal de la jornada 11 del Apertura 2017<\/a><\/span><\/p>\n<p><iframe loading=\"lazy\" src=\"https:\/\/www.youtube.com\/embed\/RAFwpG3ZgIA?feature=oembed\" frameborder=\"0\" allowfullscreen><\/iframe><\/p>\n<p>Despu\u00e9s el <strong>Perro Berm\u00fadez<\/strong> aprovech\u00f3 la situaci\u00f3n y le dijo una verdad sobre el <strong>Am\u00e9rica<\/strong> a <strong>Joserra<\/strong>, que arranc\u00f3 las risas de todos los presentes y hasta otras bromas al respecto.<\/p>\n<p><iframe loading=\"lazy\" src=\"https:\/\/www.youtube.com\/embed\/2s5WUBCRLkU?feature=oembed\" frameborder=\"0\" allowfullscreen><\/iframe><\/p>\n<p><iframe loading=\"lazy\" src=\"https:\/\/www.youtube.com\/embed\/BFETAzYYFFM?feature=oembed\" frameborder=\"0\" allowfullscreen><\/iframe><\/p>\n<p>Incluso durante la transmisi\u00f3n se vio uno de los momentos m\u00e1s esperados de la noche, un abrazo entre <strong>Jos\u00e9 Ram\u00f3n Fern\u00e1ndez<\/strong> y <strong>Andr\u00e9 Mar\u00edn<\/strong>, quienes se dec\u00eda hab\u00edan terminado muy mal.<\/p>\n<p><iframe loading=\"lazy\" src=\"https:\/\/www.youtube.com\/embed\/1QAPS-iwlZk?feature=oembed\" frameborder=\"0\" allowfullscreen><\/iframe><\/p>\n","protected":false},"excerpt":{"rendered":"<p>Ambos compartieron transmisi\u00f3n.<\/p>\n","protected":false},"author":20,"featured_media":502100,"comment_status":"closed","ping_status":"closed","sticky":false,"template":"","format":"standard","meta":[],"categories":[5419],"tags":[7492,5460,10362,6974,10381],"_links":{"self":[{"href":"http:\/\/desarrollo.grupomedios.com\/futbol\/wp-json\/wp\/v2\/posts\/502098"}],"collection":[{"href":"http:\/\/desarrollo.grupomedios.com\/futbol\/wp-json\/wp\/v2\/posts"}],"about":[{"href":"http:\/\/desarrollo.grupomedios.com\/futbol\/wp-json\/wp\/v2\/types\/post"}],"author":[{"embeddable":true,"href":"http:\/\/desarrollo.grupomedios.com\/futbol\/wp-json\/wp\/v2\/users\/20"}],"replies":[{"embeddable":true,"href":"http:\/\/desarrollo.grupomedios.com\/futbol\/wp-json\/wp\/v2\/comments?post=502098"}],"version-history":[{"count":1,"href":"http:\/\/desarrollo.grupomedios.com\/futbol\/wp-json\/wp\/v2\/posts\/502098\/revisions"}],"predecessor-version":[{"id":502101,"href":"http:\/\/desarrollo.grupomedios.com\/futbol\/wp-json\/wp\/v2\/posts\/502098\/revisions\/502101"}],"wp:featuredmedia":[{"embeddable":true,"href":"http:\/\/desarrollo.grupomedios.com\/futbol\/wp-json\/wp\/v2\/media\/502100"}],"wp:attachment":[{"href":"http:\/\/desarrollo.grupomedios.com\/futbol\/wp-json\/wp\/v2\/media?parent=502098"}],"wp:term":[{"taxonomy":"category","embeddable":true,"href":"http:\/\/desarrollo.grupomedios.com\/futbol\/wp-json\/wp\/v2\/categories?post=502098"},{"taxonomy":"post_tag","embeddable":true,"href":"http:\/\/desarrollo.grupomedios.com\/futbol\/wp-json\/wp\/v2\/tags?post=502098"}],"curies":[{"name":"wp","href":"https:\/\/api.w.org\/{rel}","templated":true}]}}