{"id":502102,"date":"2017-09-28T12:35:23","date_gmt":"2017-09-28T17:35:23","guid":{"rendered":"https:\/\/www.futboltotal.com.mx\/?p=502102"},"modified":"2017-09-28T12:35:23","modified_gmt":"2017-09-28T17:35:23","slug":"chile-sorprende-dejando-la-convocatoria-a-marcelo-diaz","status":"publish","type":"post","link":"http:\/\/desarrollo.grupomedios.com\/futbol\/futbol-internacional\/chile-sorprende-dejando-la-convocatoria-a-marcelo-diaz\/2017\/09","title":{"rendered":"Chile sorprende dejando fuera de la convocatoria a Marcelo D\u00edaz"},"content":{"rendered":"<p>El seleccionador de <strong>Chile<\/strong>, <strong>Juan Antonio Pizzi<\/strong>, convoc\u00f3 hoy a 19 jugadores del exterior para los partidos con Ecuador y Brasil, los \u00faltimos del clasificatorio al Mundial de Rusia 2018, en una lista en la que excluy\u00f3 al centrocampista <strong>Marcelo D\u00edaz<\/strong>.<\/p>\n<p>El actual jugador del mexicano <strong>Pumas de la Unam<\/strong>, al que lleg\u00f3 hace algunas semanas desde el Celta espa\u00f1ol, ha recibido duras cr\u00edticas por algunos errores en pasados partidos de la Roja, entre ellos la mano del penalti que signific\u00f3 la derrota de <strong>Chile<\/strong> ante Bolivia por 1-0 el pasado 5 de septiembre en La Paz.<\/p>\n<p style=\"text-align: center;\"><span style=\"color: #3366ff;\"><a href=\"https:\/\/www.futboltotal.com.mx\/2017\/09\/oficial-mexico-jugara-ante-belgica-polonia\/\">VER M\u00c1S: OFICIAL: M\u00e9xico jugar\u00e1 ante B\u00e9lgica y Polonia<\/a><\/span><\/p>\n<p>Esa derrota y la anterior con Paraguay por 0-3 en Santiago dejaron a Chile en el sexto lugar, con 23 puntos y escasas posibilidades de obtener un pasaje a la pr\u00f3xima <strong>Copa del Mundo<\/strong>.<\/p>\n<p>La lista de <strong>Pizzi<\/strong>, publicada en la p\u00e1gina web de la Asociaci\u00f3n Nacional de F\u00fatbol Profesional (ANFP), no ofrece grandes novedades en cuanto a nombres, salvo quiz\u00e1s el de Guillermo Marip\u00e1n, del Alav\u00e9s espa\u00f1ol.<\/p>\n<p><strong>Chile<\/strong> recibir\u00e1 a Ecuador el 5 de octubre en Santiago y visitar\u00e1 a Brasil el d\u00eda 10 en Sao Paulo.<\/p>\n<blockquote class=\"twitter-tweet\" data-width=\"500\">\n<p lang=\"es\" dir=\"ltr\">\u00a1Aqu\u00ed est\u00e1n!<\/p>\n<p>N\u00f3mina de <a href=\"https:\/\/twitter.com\/hashtag\/LaRoja?src=hash&amp;ref_src=twsrc%5Etfw\">#LaRoja<\/a> para los duelos con Ecuador y Brasil.<a href=\"https:\/\/t.co\/JLmgTvuYK6\">https:\/\/t.co\/JLmgTvuYK6<\/a> <a href=\"https:\/\/t.co\/aa2k5IObIH\">pic.twitter.com\/aa2k5IObIH<\/a><\/p>\n<p>&mdash; Selecci\u00f3n Chilena (@LaRoja) <a href=\"https:\/\/twitter.com\/LaRoja\/status\/913427628144685056?ref_src=twsrc%5Etfw\">September 28, 2017<\/a><\/p><\/blockquote>\n<p><script async src=\"\/\/platform.twitter.com\/widgets.js\" charset=\"utf-8\"><\/script><\/p>\n","protected":false},"excerpt":{"rendered":"<p>El jugador de Pumas qued\u00f3 fuera de la convocatoria.<\/p>\n","protected":false},"author":144,"featured_media":441752,"comment_status":"closed","ping_status":"closed","sticky":false,"template":"","format":"standard","meta":[],"categories":[3839],"tags":[406,9271],"_links":{"self":[{"href":"http:\/\/desarrollo.grupomedios.com\/futbol\/wp-json\/wp\/v2\/posts\/502102"}],"collection":[{"href":"http:\/\/desarrollo.grupomedios.com\/futbol\/wp-json\/wp\/v2\/posts"}],"about":[{"href":"http:\/\/desarrollo.grupomedios.com\/futbol\/wp-json\/wp\/v2\/types\/post"}],"author":[{"embeddable":true,"href":"http:\/\/desarrollo.grupomedios.com\/futbol\/wp-json\/wp\/v2\/users\/144"}],"replies":[{"embeddable":true,"href":"http:\/\/desarrollo.grupomedios.com\/futbol\/wp-json\/wp\/v2\/comments?post=502102"}],"version-history":[{"count":1,"href":"http:\/\/desarrollo.grupomedios.com\/futbol\/wp-json\/wp\/v2\/posts\/502102\/revisions"}],"predecessor-version":[{"id":502108,"href":"http:\/\/desarrollo.grupomedios.com\/futbol\/wp-json\/wp\/v2\/posts\/502102\/revisions\/502108"}],"wp:featuredmedia":[{"embeddable":true,"href":"http:\/\/desarrollo.grupomedios.com\/futbol\/wp-json\/wp\/v2\/media\/441752"}],"wp:attachment":[{"href":"http:\/\/desarrollo.grupomedios.com\/futbol\/wp-json\/wp\/v2\/media?parent=502102"}],"wp:term":[{"taxonomy":"category","embeddable":true,"href":"http:\/\/desarrollo.grupomedios.com\/futbol\/wp-json\/wp\/v2\/categories?post=502102"},{"taxonomy":"post_tag","embeddable":true,"href":"http:\/\/desarrollo.grupomedios.com\/futbol\/wp-json\/wp\/v2\/tags?post=502102"}],"curies":[{"name":"wp","href":"https:\/\/api.w.org\/{rel}","templated":true}]}}