{"id":502134,"date":"2017-09-28T14:36:15","date_gmt":"2017-09-28T19:36:15","guid":{"rendered":"https:\/\/www.futboltotal.com.mx\/?p=502134"},"modified":"2017-09-28T14:36:15","modified_gmt":"2017-09-28T19:36:15","slug":"tri-donara-7-mdp-damnificados-del-sismo","status":"publish","type":"post","link":"http:\/\/desarrollo.grupomedios.com\/futbol\/futbol-mexicano\/tri-donara-7-mdp-damnificados-del-sismo\/2017\/09","title":{"rendered":"Tri donar\u00e1 7 mdp para damnificados del sismo"},"content":{"rendered":"<p>La <strong>Selecci\u00f3n Mexicana<\/strong> har\u00e1 un donativo de <strong>siete millones de pesos<\/strong> para los afectados por el terremoto del pasado <strong>19 de septiembre<\/strong>.<\/p>\n<p>Decio de Mar\u00eda, presidente de la <strong>Femexfut<\/strong> indic\u00f3 que el tricolor contribuir\u00e1 directamente en la reconstrucci\u00f3n del pa\u00eds, junto a su patrocinador <strong>Citibanamex<\/strong>, quien aportar\u00e1 la misma cantidad.<\/p>\n<p style=\"text-align: center;\"><span style=\"color: #333399;\"><a href=\"https:\/\/www.futboltotal.com.mx\/2017\/09\/11-infame-la-jornada-11-del-apertura-2017\/\" target=\"_blank\" rel=\"noopener\">VER M\u00c1S: El 11 infame de la jornada 11 del Apertura 2017<\/a><\/span><\/p>\n<blockquote><p>&#8220;Es el primer paso de muchos otros eventos subsecuentes&#8230; Estaremos apoyando siempre a la reconstrucci\u00f3n, de una forma u otra, ser\u00e1 un largo camino&#8221;, declar\u00f3 <strong>Decio de Mar\u00eda<\/strong>.<\/p><\/blockquote>\n<p>Por otro lado, confirm\u00f3 que el Tri jugar\u00e1 amistosos en Europa d\u00edas antes de <strong>Rusia 2018<\/strong> pero a\u00fan no est\u00e1n confirmados los rivales. <span style=\"color: #333399;\"><a href=\"https:\/\/www.futboltotal.com.mx\/2017\/09\/oficial-mexico-jugara-ante-belgica-polonia\/\" target=\"_blank\" rel=\"noopener\">Para noviembre jugar\u00e1n ante <strong>B\u00e9lgica<\/strong> y <strong>Polonia<\/strong><\/a><\/span>.<\/p>\n<p>Tambi\u00e9n tendr\u00e1n un juego de despedida en el <strong>Estadio Azteca<\/strong> y otro en <strong>Estados Unidos<\/strong>.<\/p>\n<p style=\"text-align: center;\"><span style=\"color: #333399;\"><a href=\"https:\/\/www.futboltotal.com.mx\/2017\/09\/mira-nuevo-jersey-club-cuervos\/\" target=\"_blank\" rel=\"noopener\">VER M\u00c1S: Este ese el nuevo jersey que utilizar\u00e1 Club de Cuervos<\/a><\/span><\/p>\n<div class=\"media_embed\">\n<div class=\"field field-name-body field-type-text-with-summary field-label-hidden txt_nota\" style=\"text-align: center;\"><\/div>\n<div class=\"field field-name-notas-relacionadas-article field-type-ds field-label-hidden\" style=\"text-align: center;\"><span style=\"color: #333399;\">\u00a0<\/span><\/div>\n<\/div>\n","protected":false},"excerpt":{"rendered":"<p>La Selecci\u00f3n Mexicana participar\u00e1 en la reconstrucci\u00f3n del pa\u00eds<\/p>\n","protected":false},"author":20,"featured_media":435297,"comment_status":"closed","ping_status":"closed","sticky":false,"template":"","format":"standard","meta":[],"categories":[2198,3847],"tags":[65,758,409],"_links":{"self":[{"href":"http:\/\/desarrollo.grupomedios.com\/futbol\/wp-json\/wp\/v2\/posts\/502134"}],"collection":[{"href":"http:\/\/desarrollo.grupomedios.com\/futbol\/wp-json\/wp\/v2\/posts"}],"about":[{"href":"http:\/\/desarrollo.grupomedios.com\/futbol\/wp-json\/wp\/v2\/types\/post"}],"author":[{"embeddable":true,"href":"http:\/\/desarrollo.grupomedios.com\/futbol\/wp-json\/wp\/v2\/users\/20"}],"replies":[{"embeddable":true,"href":"http:\/\/desarrollo.grupomedios.com\/futbol\/wp-json\/wp\/v2\/comments?post=502134"}],"version-history":[{"count":1,"href":"http:\/\/desarrollo.grupomedios.com\/futbol\/wp-json\/wp\/v2\/posts\/502134\/revisions"}],"predecessor-version":[{"id":502135,"href":"http:\/\/desarrollo.grupomedios.com\/futbol\/wp-json\/wp\/v2\/posts\/502134\/revisions\/502135"}],"wp:featuredmedia":[{"embeddable":true,"href":"http:\/\/desarrollo.grupomedios.com\/futbol\/wp-json\/wp\/v2\/media\/435297"}],"wp:attachment":[{"href":"http:\/\/desarrollo.grupomedios.com\/futbol\/wp-json\/wp\/v2\/media?parent=502134"}],"wp:term":[{"taxonomy":"category","embeddable":true,"href":"http:\/\/desarrollo.grupomedios.com\/futbol\/wp-json\/wp\/v2\/categories?post=502134"},{"taxonomy":"post_tag","embeddable":true,"href":"http:\/\/desarrollo.grupomedios.com\/futbol\/wp-json\/wp\/v2\/tags?post=502134"}],"curies":[{"name":"wp","href":"https:\/\/api.w.org\/{rel}","templated":true}]}}