{"id":502139,"date":"2017-09-28T15:07:30","date_gmt":"2017-09-28T20:07:30","guid":{"rendered":"https:\/\/www.futboltotal.com.mx\/?p=502139"},"modified":"2017-09-28T15:07:30","modified_gmt":"2017-09-28T20:07:30","slug":"decio-maria-desmiente-acuerdo-televisa-derechos-del-tri","status":"publish","type":"post","link":"http:\/\/desarrollo.grupomedios.com\/futbol\/futbol-mexicano\/decio-maria-desmiente-acuerdo-televisa-derechos-del-tri\/2017\/09","title":{"rendered":"Decio de Mar\u00eda desmiente acuerdo con Televisa por derechos del Tri"},"content":{"rendered":"<p>Luego que saliera a la luz un posible acuerdo entre la\u00a0<strong>Federaci\u00f3n Mexicana de Futbol\u00a0<\/strong>y <strong>Televisa<\/strong> para cederle los derechos de transmisi\u00f3n\u00a0de la\u00a0<strong>Selecci\u00f3n Mexicana<\/strong>\u00a0por 4 ciclos mundialistas, algo que\u00a0<strong>Decio de Mar\u00eda,\u00a0<\/strong>presidente de la <strong>Femexfut<\/strong>, sali\u00f3 a desmentir.<\/p>\n<blockquote><p>&#8220;Por supuesto que no, la metodolog\u00eda que se eligi\u00f3 desde el principio por parte de la asamblea fue designar a cuatro equipos responsables de esa negociaci\u00f3n, la instituci\u00f3n no ha participado en absolutamente nada&#8221;, asegur\u00f3\u00a0Decio de Mar\u00eda, luego de una <span style=\"color: #333399;\"><a href=\"https:\/\/www.futboltotal.com.mx\/2017\/09\/tri-donara-7-mdp-damnificados-del-sismo\/\" target=\"_blank\" rel=\"noopener\">conferencia de prensa que ofreci\u00f3<\/a>.<\/span><\/p><\/blockquote>\n<blockquote class=\"twitter-video\" data-lang=\"es\">\n<p dir=\"ltr\" lang=\"es\">El Presidente de la <a href=\"https:\/\/twitter.com\/FMF?ref_src=twsrc%5Etfw\">@FMF<\/a> desminti\u00f3 el supuesto acuerdo con Televisa por los derechos de transmisi\u00f3n de los pr\u00f3ximos ciclos mundialistas. <a href=\"https:\/\/t.co\/y0r8koIUue\">pic.twitter.com\/y0r8koIUue<\/a><\/p>\n<p>\u2014 PressPort (@PressPortmx) <a href=\"https:\/\/twitter.com\/PressPortmx\/status\/913480486239875072?ref_src=twsrc%5Etfw\">28 de septiembre de 2017<\/a><\/p><\/blockquote>\n<p><script async src=\"\/\/platform.twitter.com\/widgets.js\" charset=\"utf-8\"><\/script><\/p>\n<p style=\"text-align: center;\"><span style=\"color: #333399;\"><a href=\"https:\/\/www.futboltotal.com.mx\/2017\/09\/mira-nuevo-jersey-club-cuervos\/\" target=\"_blank\" rel=\"noopener\">VER M\u00c1S: Este es el nuevo jersey de Club de Cuervos<\/a><\/span><\/p>\n<p>Sin embargo, no descart\u00f3 la posibilidad de llegar a firmar un contrato con la televisora de la televisora, situaci\u00f3n que no le corresponde directamente a la <strong>Federaci\u00f3n Mexicana de Futbol<\/strong>.<\/p>\n<blockquote><p>&#8220;Es el comit\u00e9 de comercializaci\u00f3n quien toma la decisi\u00f3n, la instituci\u00f3n est\u00e1 atr\u00e1s de ese comit\u00e9 y no puedo hacer ning\u00fan comentario al respecto&#8221;, estableci\u00f3 el directivo.<\/p><\/blockquote>\n<p>Cabe se\u00f1alar que el comit\u00e9 comercializaci\u00f3n est\u00e1 integrado por\u00a0<strong>Xolos, Santos, Pumas y Monterrey<\/strong>.<\/p>\n<p style=\"text-align: center;\"><span style=\"color: #333399;\"><a href=\"https:\/\/www.futboltotal.com.mx\/2017\/09\/juvenil-pumas-debuto-en-medio-crisis\/\" target=\"_blank\" rel=\"noopener\">VER M\u00c1S: \u00bfQui\u00e9n es el juvenil de Pumas que debut\u00f3 en medio de su crisis?<\/a><\/span><\/p>\n","protected":false},"excerpt":{"rendered":"<p>El directivo neg\u00f3 tener un acuerdo con la televisora<\/p>\n","protected":false},"author":20,"featured_media":500198,"comment_status":"closed","ping_status":"closed","sticky":false,"template":"","format":"standard","meta":[],"categories":[2198,3847],"tags":[956,65,4722,409],"_links":{"self":[{"href":"http:\/\/desarrollo.grupomedios.com\/futbol\/wp-json\/wp\/v2\/posts\/502139"}],"collection":[{"href":"http:\/\/desarrollo.grupomedios.com\/futbol\/wp-json\/wp\/v2\/posts"}],"about":[{"href":"http:\/\/desarrollo.grupomedios.com\/futbol\/wp-json\/wp\/v2\/types\/post"}],"author":[{"embeddable":true,"href":"http:\/\/desarrollo.grupomedios.com\/futbol\/wp-json\/wp\/v2\/users\/20"}],"replies":[{"embeddable":true,"href":"http:\/\/desarrollo.grupomedios.com\/futbol\/wp-json\/wp\/v2\/comments?post=502139"}],"version-history":[{"count":1,"href":"http:\/\/desarrollo.grupomedios.com\/futbol\/wp-json\/wp\/v2\/posts\/502139\/revisions"}],"predecessor-version":[{"id":502143,"href":"http:\/\/desarrollo.grupomedios.com\/futbol\/wp-json\/wp\/v2\/posts\/502139\/revisions\/502143"}],"wp:featuredmedia":[{"embeddable":true,"href":"http:\/\/desarrollo.grupomedios.com\/futbol\/wp-json\/wp\/v2\/media\/500198"}],"wp:attachment":[{"href":"http:\/\/desarrollo.grupomedios.com\/futbol\/wp-json\/wp\/v2\/media?parent=502139"}],"wp:term":[{"taxonomy":"category","embeddable":true,"href":"http:\/\/desarrollo.grupomedios.com\/futbol\/wp-json\/wp\/v2\/categories?post=502139"},{"taxonomy":"post_tag","embeddable":true,"href":"http:\/\/desarrollo.grupomedios.com\/futbol\/wp-json\/wp\/v2\/tags?post=502139"}],"curies":[{"name":"wp","href":"https:\/\/api.w.org\/{rel}","templated":true}]}}