{"id":502156,"date":"2017-09-28T16:25:15","date_gmt":"2017-09-28T21:25:15","guid":{"rendered":"https:\/\/www.futboltotal.com.mx\/?p=502156"},"modified":"2017-09-28T16:25:15","modified_gmt":"2017-09-28T21:25:15","slug":"revelan-trailer-pelicula-keylor-navas","status":"publish","type":"post","link":"http:\/\/desarrollo.grupomedios.com\/futbol\/videos\/revelan-trailer-pelicula-keylor-navas\/2017\/09","title":{"rendered":"Revelan trailer de pel\u00edcula sobre Keylor Navas"},"content":{"rendered":"<p>El tr\u00e1iler de la pel\u00edcula <em>Hombre de Fe<\/em>, inspirada en la vida del portero costarricense del <strong>Real Madrid<\/strong> <strong>Keylor Navas<\/strong>, fue lanzado hoy y muestra escenarios como las monta\u00f1as y las playas de <strong>Costa Rica<\/strong>, y el estadio Santiago Bernab\u00e9u.<\/p>\n<p>El tr\u00e1iler fue presentado hoy en el cine Magaly, en la capital costarricense, en un evento al que acudi\u00f3 la familia del guardameta y de su esposa, y que cont\u00f3 con la participaci\u00f3n de <strong>Navas<\/strong> mediante una v\u00eddeo conferencia desde <strong>Madrid<\/strong>.<\/p>\n<p style=\"text-align: center;\"><span style=\"color: #3366ff;\"><a href=\"https:\/\/www.futboltotal.com.mx\/2017\/09\/11-infame-la-jornada-11-del-apertura-2017\/\">VER M\u00c1S: El 11 infame de la Jornada 11 del Apertura 2017<\/a><\/span><\/p>\n<p>&#8220;Estamos muy felices y agradecidos con Dios porque se est\u00e1 viendo el resultado del trabajo de muchas personas. Es un poco extra\u00f1o ver tu vida en la pantalla, hay sentimientos encontrados, momentos muy lindos y una ilusi\u00f3n grande&#8221;, dijo <strong>Navas<\/strong>.<\/p>\n<p>El adelanto de dos minutos de la pel\u00edcula comienza con una narraci\u00f3n del periodista mexicano <strong>David Faitelson<\/strong> mientras se observa a <strong>Navas<\/strong> ingresando al estadio Santiago Bernab\u00e9u con la camiseta n\u00famero 13 que utiliz\u00f3 durante su primera campa\u00f1a en el <strong>Real Madrid<\/strong>, cuando fue suplente de Iker Casillas.<\/p>\n<blockquote class=\"twitter-tweet\" data-lang=\"es\">\n<p dir=\"ltr\" lang=\"es\">Trailer Keylor Navas la Pel\u00edcula. <a href=\"https:\/\/t.co\/kPxLyXxH8m\">https:\/\/t.co\/kPxLyXxH8m<\/a><\/p>\n<p>\u2014 KeylorNavasPelicula (@KeylorPelicula) <a href=\"https:\/\/twitter.com\/KeylorPelicula\/status\/913463543911079936?ref_src=twsrc%5Etfw\">28 de septiembre de 2017<\/a><\/p><\/blockquote>\n<p><script async src=\"\/\/platform.twitter.com\/widgets.js\" charset=\"utf-8\"><\/script><\/p>\n","protected":false},"excerpt":{"rendered":"<p>El portero tico tendr\u00e1 su pel\u00edcula llamada &#8216;Hombre de Fe&#8217;<\/p>\n","protected":false},"author":144,"featured_media":485954,"comment_status":"closed","ping_status":"closed","sticky":false,"template":"","format":"standard","meta":[],"categories":[3839,4],"tags":[213,5590,10388],"_links":{"self":[{"href":"http:\/\/desarrollo.grupomedios.com\/futbol\/wp-json\/wp\/v2\/posts\/502156"}],"collection":[{"href":"http:\/\/desarrollo.grupomedios.com\/futbol\/wp-json\/wp\/v2\/posts"}],"about":[{"href":"http:\/\/desarrollo.grupomedios.com\/futbol\/wp-json\/wp\/v2\/types\/post"}],"author":[{"embeddable":true,"href":"http:\/\/desarrollo.grupomedios.com\/futbol\/wp-json\/wp\/v2\/users\/144"}],"replies":[{"embeddable":true,"href":"http:\/\/desarrollo.grupomedios.com\/futbol\/wp-json\/wp\/v2\/comments?post=502156"}],"version-history":[{"count":1,"href":"http:\/\/desarrollo.grupomedios.com\/futbol\/wp-json\/wp\/v2\/posts\/502156\/revisions"}],"predecessor-version":[{"id":502158,"href":"http:\/\/desarrollo.grupomedios.com\/futbol\/wp-json\/wp\/v2\/posts\/502156\/revisions\/502158"}],"wp:featuredmedia":[{"embeddable":true,"href":"http:\/\/desarrollo.grupomedios.com\/futbol\/wp-json\/wp\/v2\/media\/485954"}],"wp:attachment":[{"href":"http:\/\/desarrollo.grupomedios.com\/futbol\/wp-json\/wp\/v2\/media?parent=502156"}],"wp:term":[{"taxonomy":"category","embeddable":true,"href":"http:\/\/desarrollo.grupomedios.com\/futbol\/wp-json\/wp\/v2\/categories?post=502156"},{"taxonomy":"post_tag","embeddable":true,"href":"http:\/\/desarrollo.grupomedios.com\/futbol\/wp-json\/wp\/v2\/tags?post=502156"}],"curies":[{"name":"wp","href":"https:\/\/api.w.org\/{rel}","templated":true}]}}