{"id":502166,"date":"2017-09-28T20:39:37","date_gmt":"2017-09-29T01:39:37","guid":{"rendered":"https:\/\/www.futboltotal.com.mx\/?p=502166"},"modified":"2017-09-29T09:29:37","modified_gmt":"2017-09-29T14:29:37","slug":"hirving-lozano-no-estara-en-psv-pachuca","status":"publish","type":"post","link":"http:\/\/desarrollo.grupomedios.com\/futbol\/futbol-internacional\/hirving-lozano-no-estara-en-psv-pachuca\/2017\/09","title":{"rendered":"Hirving Lozano no estar\u00e1 en el PSV-Pachuca"},"content":{"rendered":"<p>El delantero mexicano <strong>Hirving Lozano<\/strong> no estar\u00e1 presente en el duelo entre el <strong>PSV<\/strong> y el <strong>Pachuca<\/strong> del pr\u00f3ximo 9 de octubre en el Phillips Arena, despu\u00e9s de que fue convocado por <strong>Juan Carlos Osorio<\/strong> para los duelos de eliminatoria con <strong>M\u00e9xico<\/strong>.<\/p>\n<p>Hirving Lozano era una de los atractivos principales que pudo haber tenido el duelo entre ambas instituciones; sin embargo, el mexicano es parte de la convocatoria con la que la Selecci\u00f3n Mexicana enfrentar\u00e1 a sus similares de Trinidad y Tobago y Honduras.<\/p>\n<p style=\"text-align: center;\"><a href=\"https:\/\/www.futboltotal.com.mx\/2017\/09\/tri-da-convocatoria-ultimos-juegos-eliminatoria\/\">VER M\u00c1S: <span class=\"item-title\">El Tri da convocatoria para \u00faltimos juegos de eliminatoria<\/span><\/a><\/p>\n<p>El Pachuca enfrentar\u00e1 al PSV como parte de su gira por Europa que servir\u00e1 de preparaci\u00f3n para el pr\u00f3ximo Mundial de Clubes que se disputar\u00e1 en diciembre.<\/p>\n<p>&nbsp;<\/p>\n","protected":false},"excerpt":{"rendered":"<p>El futbolista mexicano estar\u00e1 concentrado con la Selecci\u00f3n Mexicana<\/p>\n","protected":false},"author":20,"featured_media":502167,"comment_status":"closed","ping_status":"closed","sticky":false,"template":"","format":"standard","meta":[],"categories":[3839,6718,3847],"tags":[5196,5968,2044],"_links":{"self":[{"href":"http:\/\/desarrollo.grupomedios.com\/futbol\/wp-json\/wp\/v2\/posts\/502166"}],"collection":[{"href":"http:\/\/desarrollo.grupomedios.com\/futbol\/wp-json\/wp\/v2\/posts"}],"about":[{"href":"http:\/\/desarrollo.grupomedios.com\/futbol\/wp-json\/wp\/v2\/types\/post"}],"author":[{"embeddable":true,"href":"http:\/\/desarrollo.grupomedios.com\/futbol\/wp-json\/wp\/v2\/users\/20"}],"replies":[{"embeddable":true,"href":"http:\/\/desarrollo.grupomedios.com\/futbol\/wp-json\/wp\/v2\/comments?post=502166"}],"version-history":[{"count":2,"href":"http:\/\/desarrollo.grupomedios.com\/futbol\/wp-json\/wp\/v2\/posts\/502166\/revisions"}],"predecessor-version":[{"id":502169,"href":"http:\/\/desarrollo.grupomedios.com\/futbol\/wp-json\/wp\/v2\/posts\/502166\/revisions\/502169"}],"wp:featuredmedia":[{"embeddable":true,"href":"http:\/\/desarrollo.grupomedios.com\/futbol\/wp-json\/wp\/v2\/media\/502167"}],"wp:attachment":[{"href":"http:\/\/desarrollo.grupomedios.com\/futbol\/wp-json\/wp\/v2\/media?parent=502166"}],"wp:term":[{"taxonomy":"category","embeddable":true,"href":"http:\/\/desarrollo.grupomedios.com\/futbol\/wp-json\/wp\/v2\/categories?post=502166"},{"taxonomy":"post_tag","embeddable":true,"href":"http:\/\/desarrollo.grupomedios.com\/futbol\/wp-json\/wp\/v2\/tags?post=502166"}],"curies":[{"name":"wp","href":"https:\/\/api.w.org\/{rel}","templated":true}]}}