{"id":502190,"date":"2017-09-29T10:22:52","date_gmt":"2017-09-29T15:22:52","guid":{"rendered":"https:\/\/www.futboltotal.com.mx\/?p=502190"},"modified":"2017-09-29T10:22:52","modified_gmt":"2017-09-29T15:22:52","slug":"televisa-acusa-a-directivo-monterrey-rayados-le-desmiente","status":"publish","type":"post","link":"http:\/\/desarrollo.grupomedios.com\/futbol\/futbol-mexicano\/televisa-acusa-a-directivo-monterrey-rayados-le-desmiente\/2017\/09","title":{"rendered":"Televisa acusa a directivo de Monterrey y Rayados le desmiente"},"content":{"rendered":"<p>Ante las negociaciones que actualmente realiza la <strong>Federaci\u00f3n Mexicana de Futbol<\/strong> para acordar los derechos televisivos de los pr\u00f3ximos ciclos mundialistas, <strong>Televisa<\/strong> se encarg\u00f3 de difundir un supuesto comunicado extraoficial acusando a un directivo del <strong>Monterrey<\/strong> de violar el c\u00f3digo de \u00e9tica de la <strong>Femexfut<\/strong>, lo cual fue rotundamente desmentido por <em>Rayados<\/em>.<\/p>\n<p>Todo comenz\u00f3 con la transmisi\u00f3n del programa &#8216;Las Noticias&#8217; de Televisa Monterrey, en el que se revel\u00f3 un supuesto comunicado salido del Comit\u00e9 de Comercializaci\u00f3n que se\u00f1ala a <strong>Jos\u00e9 Gonz\u00e1lez Ornelas<\/strong>, directivo de <em>Rayados<\/em> e integrante de este Comit\u00e9, de haber filtrado informaci\u00f3n confidencial a terceros, espec\u00edficamente al grupo <strong>Am\u00e9rica M\u00f3vil<\/strong>, propiedad de <strong>Carlos Slim<\/strong> y que es una de las empresas que estar\u00eda optando por hacerse con los derechos de la <strong>Selecci\u00f3n Mexicana<\/strong>.<\/p>\n<p style=\"text-align: center;\"><a href=\"https:\/\/www.futboltotal.com.mx\/2017\/09\/club-cuervos-realidad-ficcion\/\" target=\"_blank\" rel=\"noopener\"><span style=\"color: #333399;\">VER\u00a0 M\u00c1S: Club de Cuervos, \u00bfrealidad o ficci\u00f3n?<\/span><\/a><\/p>\n<p>&nbsp;<\/p>\n<blockquote class=\"twitter-video\" data-lang=\"es\">\n<p dir=\"ltr\" lang=\"es\">Ests es la acusaci\u00f3n que hace Televisa Monterrey sobre Gonz\u00e1lez Ornelas en su noticiero estelar!  <a href=\"https:\/\/t.co\/RjfmYfwU78\">pic.twitter.com\/RjfmYfwU78<\/a><\/p>\n<p>\u2014 Zaritzi Sosa (@zaritzisosa) <a href=\"https:\/\/twitter.com\/zaritzisosa\/status\/913605695366299648?ref_src=twsrc%5Etfw\">29 de septiembre de 2017<\/a><\/p><\/blockquote>\n<p><script async src=\"\/\/platform.twitter.com\/widgets.js\" charset=\"utf-8\"><\/script><\/p>\n<p>Sin embargo, el Monterrey no tard\u00f3 en responder a dichas acusaciones negando su veracidad y se\u00f1alando que no existen elementos para que ese documento pueda contar con car\u00e1cter oficial.<\/p>\n<p>&nbsp;<\/p>\n<blockquote class=\"twitter-video\" data-lang=\"es\">\n<p dir=\"ltr\" lang=\"es\">ESPN meti\u00e9ndole una tunda a Televisa <a href=\"https:\/\/twitter.com\/SancadillaNorte?ref_src=twsrc%5Etfw\">@SancadillaNorte<\/a> <a href=\"https:\/\/twitter.com\/SanCadilla?ref_src=twsrc%5Etfw\">@SanCadilla<\/a> <a href=\"https:\/\/twitter.com\/hashtag\/Rayados?src=hash&amp;ref_src=twsrc%5Etfw\">#Rayados<\/a> <a href=\"https:\/\/twitter.com\/hashtag\/Ornelas?src=hash&amp;ref_src=twsrc%5Etfw\">#Ornelas<\/a> <a href=\"https:\/\/t.co\/2ykZ7OEdUZ\">pic.twitter.com\/2ykZ7OEdUZ<\/a><\/p>\n<p>\u2014 Kingslayer\u26aa\ufe0f (@bryanmc1002) <a href=\"https:\/\/twitter.com\/bryanmc1002\/status\/913621578058838016?ref_src=twsrc%5Etfw\">29 de septiembre de 2017<\/a><\/p><\/blockquote>\n<p><script async src=\"\/\/platform.twitter.com\/widgets.js\" charset=\"utf-8\"><\/script><\/p>\n<p>Sin duda, esto no ser\u00e1 lo \u00faltimo que se mencione sobre este tema, y se espera que la propia Femexfut brinde una postura al respecto en los pr\u00f3ximos d\u00edas, tal vez conforme haya noticias sobre las negociaciones de los derechos del Tri con empresas como la ya citada Am\u00e9rica M\u00f3vil y la propia Televisa.<\/p>\n","protected":false},"excerpt":{"rendered":"<p>La pugna por los derechos de televisi\u00f3n del Tri comienza a tomar tintes negativos.<\/p>\n","protected":false},"author":20,"featured_media":449603,"comment_status":"closed","ping_status":"closed","sticky":false,"template":"","format":"standard","meta":[],"categories":[2198,3847],"tags":[3350,1656,1092,1532,5966,4722],"_links":{"self":[{"href":"http:\/\/desarrollo.grupomedios.com\/futbol\/wp-json\/wp\/v2\/posts\/502190"}],"collection":[{"href":"http:\/\/desarrollo.grupomedios.com\/futbol\/wp-json\/wp\/v2\/posts"}],"about":[{"href":"http:\/\/desarrollo.grupomedios.com\/futbol\/wp-json\/wp\/v2\/types\/post"}],"author":[{"embeddable":true,"href":"http:\/\/desarrollo.grupomedios.com\/futbol\/wp-json\/wp\/v2\/users\/20"}],"replies":[{"embeddable":true,"href":"http:\/\/desarrollo.grupomedios.com\/futbol\/wp-json\/wp\/v2\/comments?post=502190"}],"version-history":[{"count":1,"href":"http:\/\/desarrollo.grupomedios.com\/futbol\/wp-json\/wp\/v2\/posts\/502190\/revisions"}],"predecessor-version":[{"id":502211,"href":"http:\/\/desarrollo.grupomedios.com\/futbol\/wp-json\/wp\/v2\/posts\/502190\/revisions\/502211"}],"wp:featuredmedia":[{"embeddable":true,"href":"http:\/\/desarrollo.grupomedios.com\/futbol\/wp-json\/wp\/v2\/media\/449603"}],"wp:attachment":[{"href":"http:\/\/desarrollo.grupomedios.com\/futbol\/wp-json\/wp\/v2\/media?parent=502190"}],"wp:term":[{"taxonomy":"category","embeddable":true,"href":"http:\/\/desarrollo.grupomedios.com\/futbol\/wp-json\/wp\/v2\/categories?post=502190"},{"taxonomy":"post_tag","embeddable":true,"href":"http:\/\/desarrollo.grupomedios.com\/futbol\/wp-json\/wp\/v2\/tags?post=502190"}],"curies":[{"name":"wp","href":"https:\/\/api.w.org\/{rel}","templated":true}]}}