{"id":502196,"date":"2017-09-29T09:41:26","date_gmt":"2017-09-29T14:41:26","guid":{"rendered":"https:\/\/www.futboltotal.com.mx\/?p=502196"},"modified":"2017-09-29T15:35:30","modified_gmt":"2017-09-29T20:35:30","slug":"las-sedes-deportivas-en-cdmx-estan-listas-volvera-futbol","status":"publish","type":"post","link":"http:\/\/desarrollo.grupomedios.com\/futbol\/futbol-mexicano\/las-sedes-deportivas-en-cdmx-estan-listas-volvera-futbol\/2017\/09","title":{"rendered":"Las sedes deportivas en CDMX est\u00e1n listas y volver\u00e1 el futbol"},"content":{"rendered":"<p>Despu\u00e9s de las tr\u00e1gicas consecuencias en el centro de <strong>M\u00e9xico<\/strong> a ra\u00edz del <strong>temblor<\/strong> que sacudi\u00f3 al pa\u00eds el pasado 19 de septiembre, la <strong>Ciudad de M\u00e9xico<\/strong> se reporta lista para volver a albergar eventos deportivos en inmuebles como el <strong>Estadio Azteca, <\/strong>el<strong> Ol\u00edmpico Ciudad Universitaria<\/strong> y el<strong> Azul<\/strong>, por lo que el futbol estar\u00e1 de vuelta.<\/p>\n<p>Fue el propio Jefe de Gobierno de la <strong>CDMX<\/strong>, <strong>Miguel \u00c1ngel Mancera<\/strong>, quien se encarg\u00f3 de revelar esta informaci\u00f3n por medio de redes sociales, avalando esta postura por medio de los dict\u00e1menes que garantizan la seguridad de varios recintos deportivos para albergar eventos.<\/p>\n<p style=\"text-align: center;\"><a href=\"https:\/\/www.futboltotal.com.mx\/2017\/09\/club-cuervos-realidad-ficcion\/\" target=\"_blank\" rel=\"noopener\"><span style=\"color: #333399;\">VER M\u00c1S: Club de Cuervos, \u00bfrealidad o ficci\u00f3n?<\/span><\/a><\/p>\n<p>&nbsp;<\/p>\n<blockquote class=\"twitter-tweet\" data-lang=\"es\">\n<p dir=\"ltr\" lang=\"es\">Se han recibido los dict\u00e1menes de los siguientes inmuebles de concentraci\u00f3n masiva; son seguros para retomar sus actividades <a href=\"https:\/\/twitter.com\/hashtag\/mm?src=hash&amp;ref_src=twsrc%5Etfw\">#mm<\/a> <a href=\"https:\/\/t.co\/Csnb33kpcx\">pic.twitter.com\/Csnb33kpcx<\/a><\/p>\n<p>\u2014 Miguel \u00c1ngel Mancera (@ManceraMiguelMX) <a href=\"https:\/\/twitter.com\/ManceraMiguelMX\/status\/913585761634496512?ref_src=twsrc%5Etfw\">29 de septiembre de 2017<\/a><\/p><\/blockquote>\n<p><script async src=\"\/\/platform.twitter.com\/widgets.js\" charset=\"utf-8\"><\/script><\/p>\n<p>Ya con la certeza de que los inmuebles que aparecen en ese listado gracias al trabajo realizado por Protecci\u00f3n Civil para determinar si contaban con da\u00f1os estructurales o no, estos lugares retomar\u00e1n los eventos de corte deportivo as\u00ed como de entretenimiento, en el caso de lugares como el Palacio de los Deportes o la Arena Ciudad de M\u00e9xico.<\/p>\n<p>En el caso del futbol de la Liga MX, la actividad estar\u00e1 regresando a la Ciudad de M\u00e9xico hasta la <strong>Jornada 13<\/strong>, con el partido entre <strong>Cruz Azul<\/strong> y <strong>Am\u00e9rica<\/strong> que se llevar\u00e1 a cabo el d\u00eda 14 de octubre en el <strong>Estadio Azul<\/strong>.<\/p>\n","protected":false},"excerpt":{"rendered":"<p>La Liga MX volver\u00e1 a tener actividad en la Ciudad de M\u00e9xico para la jornada 13.<\/p>\n","protected":false},"author":20,"featured_media":497801,"comment_status":"closed","ping_status":"closed","sticky":false,"template":"","format":"standard","meta":[],"categories":[2198,3845],"tags":[7151,1818,554,1317,10392,10391,3882],"_links":{"self":[{"href":"http:\/\/desarrollo.grupomedios.com\/futbol\/wp-json\/wp\/v2\/posts\/502196"}],"collection":[{"href":"http:\/\/desarrollo.grupomedios.com\/futbol\/wp-json\/wp\/v2\/posts"}],"about":[{"href":"http:\/\/desarrollo.grupomedios.com\/futbol\/wp-json\/wp\/v2\/types\/post"}],"author":[{"embeddable":true,"href":"http:\/\/desarrollo.grupomedios.com\/futbol\/wp-json\/wp\/v2\/users\/20"}],"replies":[{"embeddable":true,"href":"http:\/\/desarrollo.grupomedios.com\/futbol\/wp-json\/wp\/v2\/comments?post=502196"}],"version-history":[{"count":3,"href":"http:\/\/desarrollo.grupomedios.com\/futbol\/wp-json\/wp\/v2\/posts\/502196\/revisions"}],"predecessor-version":[{"id":502207,"href":"http:\/\/desarrollo.grupomedios.com\/futbol\/wp-json\/wp\/v2\/posts\/502196\/revisions\/502207"}],"wp:featuredmedia":[{"embeddable":true,"href":"http:\/\/desarrollo.grupomedios.com\/futbol\/wp-json\/wp\/v2\/media\/497801"}],"wp:attachment":[{"href":"http:\/\/desarrollo.grupomedios.com\/futbol\/wp-json\/wp\/v2\/media?parent=502196"}],"wp:term":[{"taxonomy":"category","embeddable":true,"href":"http:\/\/desarrollo.grupomedios.com\/futbol\/wp-json\/wp\/v2\/categories?post=502196"},{"taxonomy":"post_tag","embeddable":true,"href":"http:\/\/desarrollo.grupomedios.com\/futbol\/wp-json\/wp\/v2\/tags?post=502196"}],"curies":[{"name":"wp","href":"https:\/\/api.w.org\/{rel}","templated":true}]}}