{"id":502203,"date":"2017-09-29T09:53:43","date_gmt":"2017-09-29T14:53:43","guid":{"rendered":"https:\/\/www.futboltotal.com.mx\/?p=502203"},"modified":"2017-09-29T09:53:43","modified_gmt":"2017-09-29T14:53:43","slug":"culpa-este-jugador-mbappe-llego-al-real-madrid","status":"publish","type":"post","link":"http:\/\/desarrollo.grupomedios.com\/futbol\/futbol-internacional\/culpa-este-jugador-mbappe-llego-al-real-madrid\/2017\/09","title":{"rendered":"Por &#8216;culpa&#8217; de este jugador Mbapp\u00e9 no lleg\u00f3 al Real Madrid"},"content":{"rendered":"<p><strong>Kylian Mbapp\u00e9\u00a0<\/strong>fue uno de los principales protagonistas en el pasado mercado de fichajes y a pesar que se habl\u00f3 mucho del <strong>Real Madrid<\/strong>, acab\u00f3 emigrando al <strong>Paris Saint-Germain<\/strong>.<\/p>\n<p><strong>Florentino P\u00e9rez<\/strong>, presidente del Real Madrid, explic\u00f3 el por qu\u00e9 no ficharon al atacante franc\u00e9s, pues a pesar de lo que se ha dicho, el factor econ\u00f3mico no fue algo determinante para que se decantara por el cuadro parisino.<\/p>\n<p style=\"text-align: center;\"><span style=\"color: #333399;\"><a href=\"https:\/\/www.futboltotal.com.mx\/2017\/09\/inter-ac-milan-en-disputa-estrella-del-manchester-city\/\" target=\"_blank\" rel=\"noopener\">VER M\u00c1S: Inter y AC Milan se disputan a este futbolista del Manchester City<\/a><\/span><\/p>\n<blockquote><p>&#8220;Tenemos un equipo muy bueno. Mbapp\u00e9 es de Par\u00eds y desde el PSG le hicieron una oferta a su padre y tal. Pero no s\u00e9 si nos beneficiaba o perjudicaba la llegada. No \u00edbamos a traer a Mbapp\u00e9 para quitar a <strong>Asensio<\/strong>&#8220;, indic\u00f3 florentino en la asamblea con los socios compromisarios del club.<\/p><\/blockquote>\n<p>Florentino sorprendi\u00f3 con estas declaraciones, pues m\u00e1s que una amenaza para Asensio, parec\u00eda que Mbapp\u00e9 entraba en el lugar de <strong>Gareth Bale<\/strong>, sin embargo, nos queda claro que no quisieron fichar al joven franc\u00e9s para no tapar a la joya de la cantera madridista.<\/p>\n<p style=\"text-align: center;\"><span style=\"color: #333399;\"><a href=\"https:\/\/www.futboltotal.com.mx\/2017\/09\/chicharito-carlo-ancelotti-podrian-reencontrarse\/\" target=\"_blank\" rel=\"noopener\">VER M\u00c1S: Chicharito y Carlo Ancelotti podr\u00edan reencontrarse<\/a><\/span><\/p>\n<p>&nbsp;<\/p>\n","protected":false},"excerpt":{"rendered":"<p>El joven delantero no pod\u00eda chocar con este futbolista blanco<\/p>\n","protected":false},"author":20,"featured_media":484829,"comment_status":"closed","ping_status":"closed","sticky":false,"template":"","format":"standard","meta":[],"categories":[3839],"tags":[8525,6116,5988],"_links":{"self":[{"href":"http:\/\/desarrollo.grupomedios.com\/futbol\/wp-json\/wp\/v2\/posts\/502203"}],"collection":[{"href":"http:\/\/desarrollo.grupomedios.com\/futbol\/wp-json\/wp\/v2\/posts"}],"about":[{"href":"http:\/\/desarrollo.grupomedios.com\/futbol\/wp-json\/wp\/v2\/types\/post"}],"author":[{"embeddable":true,"href":"http:\/\/desarrollo.grupomedios.com\/futbol\/wp-json\/wp\/v2\/users\/20"}],"replies":[{"embeddable":true,"href":"http:\/\/desarrollo.grupomedios.com\/futbol\/wp-json\/wp\/v2\/comments?post=502203"}],"version-history":[{"count":2,"href":"http:\/\/desarrollo.grupomedios.com\/futbol\/wp-json\/wp\/v2\/posts\/502203\/revisions"}],"predecessor-version":[{"id":502209,"href":"http:\/\/desarrollo.grupomedios.com\/futbol\/wp-json\/wp\/v2\/posts\/502203\/revisions\/502209"}],"wp:featuredmedia":[{"embeddable":true,"href":"http:\/\/desarrollo.grupomedios.com\/futbol\/wp-json\/wp\/v2\/media\/484829"}],"wp:attachment":[{"href":"http:\/\/desarrollo.grupomedios.com\/futbol\/wp-json\/wp\/v2\/media?parent=502203"}],"wp:term":[{"taxonomy":"category","embeddable":true,"href":"http:\/\/desarrollo.grupomedios.com\/futbol\/wp-json\/wp\/v2\/categories?post=502203"},{"taxonomy":"post_tag","embeddable":true,"href":"http:\/\/desarrollo.grupomedios.com\/futbol\/wp-json\/wp\/v2\/tags?post=502203"}],"curies":[{"name":"wp","href":"https:\/\/api.w.org\/{rel}","templated":true}]}}