{"id":502210,"date":"2017-09-29T10:31:32","date_gmt":"2017-09-29T15:31:32","guid":{"rendered":"https:\/\/www.futboltotal.com.mx\/?p=502210"},"modified":"2017-09-29T10:31:32","modified_gmt":"2017-09-29T15:31:32","slug":"los-5-jugadores-del-bayern-corrieron-a-ancelotti","status":"publish","type":"post","link":"http:\/\/desarrollo.grupomedios.com\/futbol\/futbol-internacional\/los-5-jugadores-del-bayern-corrieron-a-ancelotti\/2017\/09","title":{"rendered":"Los 5 jugadores del Bayern que &#8216;corrieron&#8217; a Ancelotti"},"content":{"rendered":"<p><strong>Carlo Ancelotti<\/strong> fue destituido como director t\u00e9cnico del <strong>Bayern Munich<\/strong> y tal parece ser que fue v\u00edctima de lo que suced\u00eda en el vestuario del cuadro b\u00e1varo.<\/p>\n<p><strong>Uli Hoeness<\/strong>, presidente del Bayern Munich, declar\u00f3 que la salida del italiano se dio por que el vestuario estaba en su contra;\u00a0<strong>&#8220;Ancelotti ten\u00eda cinco jugadores contra \u00e9l, no pod\u00edamos seguir as\u00ed&#8221;<\/strong>, coment\u00f3 en televisi\u00f3n.<\/p>\n<p><strong>\u00bfQuienes son estos 5 futbolistas?<\/strong><\/p>\n<p>De acuerdo al diario <em>Bild<\/em> los culpables de que el t\u00e9cnico tuviera que marcharse fueron; <strong>Frank<\/strong>\u00a0<strong>Rib\u00e9ry, Mats Hummels, Jerome Boateng, Thomas M\u00fcller y Arjen Robben<\/strong>.<\/p>\n<p style=\"text-align: center;\"><span style=\"color: #333399;\"><a href=\"https:\/\/www.futboltotal.com.mx\/2017\/09\/club-cuervos-realidad-ficcion\/\" target=\"_blank\" rel=\"noopener\">VER M\u00c1S: Club de Cuervos, \u00bfrealidad o ficci\u00f3n?<\/a><\/span><\/p>\n<p>Robben ya hab\u00eda dado muestras de su descontento con Acelotti, sobre todo luego de la derrota ante el Paris Saint-Germain;\u00a0<strong>&#8220;No voy a responder a esa pregunta&#8221;,\u00a0<\/strong>dijo el holand\u00e9s al ser cuestionado sobre\u00a0si todos los jugadores del Bayern apoyaban a su entrenador.<\/p>\n<p>Por otra parte, de acuerdo a la publicaci\u00f3n, el mismo\u00a0Hoeness<strong>\u00a0<\/strong><strong>\u00a0<\/strong>habr\u00eda confesado en mayo que <strong>&#8220;cada vez que Rib\u00e9ry tiene que irse en el minuto 70, me llama por la noche y dice: &#8216;\u00a1Ya basta, me voy!'&#8221;<\/strong>.<\/p>\n<p>Se sabe que M\u00fcller no le hac\u00eda ninguna gracia ser suplente con el equipo; <strong>&#8220;No s\u00e9 por qu\u00e9 cualidades apuesta el m\u00edster, pero parece que no son las m\u00edas&#8221;<\/strong>.<\/p>\n<p style=\"text-align: center;\"><span style=\"color: #333399;\"><a href=\"https:\/\/www.futboltotal.com.mx\/2017\/09\/inter-ac-milan-en-disputa-estrella-del-manchester-city\/\" target=\"_blank\" rel=\"noopener\">VER M\u00c1S: Inter y AC Milan, en disputa por esta estrella del Manchester City<\/a><\/span><\/p>\n","protected":false},"excerpt":{"rendered":"<p>Algunos futbolistas ya no lo quer\u00edan al frente del equipo<\/p>\n","protected":false},"author":20,"featured_media":462414,"comment_status":"closed","ping_status":"closed","sticky":false,"template":"","format":"standard","meta":[],"categories":[3839],"tags":[6086,2056,1893,3679,6083,5792],"_links":{"self":[{"href":"http:\/\/desarrollo.grupomedios.com\/futbol\/wp-json\/wp\/v2\/posts\/502210"}],"collection":[{"href":"http:\/\/desarrollo.grupomedios.com\/futbol\/wp-json\/wp\/v2\/posts"}],"about":[{"href":"http:\/\/desarrollo.grupomedios.com\/futbol\/wp-json\/wp\/v2\/types\/post"}],"author":[{"embeddable":true,"href":"http:\/\/desarrollo.grupomedios.com\/futbol\/wp-json\/wp\/v2\/users\/20"}],"replies":[{"embeddable":true,"href":"http:\/\/desarrollo.grupomedios.com\/futbol\/wp-json\/wp\/v2\/comments?post=502210"}],"version-history":[{"count":1,"href":"http:\/\/desarrollo.grupomedios.com\/futbol\/wp-json\/wp\/v2\/posts\/502210\/revisions"}],"predecessor-version":[{"id":502212,"href":"http:\/\/desarrollo.grupomedios.com\/futbol\/wp-json\/wp\/v2\/posts\/502210\/revisions\/502212"}],"wp:featuredmedia":[{"embeddable":true,"href":"http:\/\/desarrollo.grupomedios.com\/futbol\/wp-json\/wp\/v2\/media\/462414"}],"wp:attachment":[{"href":"http:\/\/desarrollo.grupomedios.com\/futbol\/wp-json\/wp\/v2\/media?parent=502210"}],"wp:term":[{"taxonomy":"category","embeddable":true,"href":"http:\/\/desarrollo.grupomedios.com\/futbol\/wp-json\/wp\/v2\/categories?post=502210"},{"taxonomy":"post_tag","embeddable":true,"href":"http:\/\/desarrollo.grupomedios.com\/futbol\/wp-json\/wp\/v2\/tags?post=502210"}],"curies":[{"name":"wp","href":"https:\/\/api.w.org\/{rel}","templated":true}]}}