{"id":502237,"date":"2017-09-30T15:50:57","date_gmt":"2017-09-30T20:50:57","guid":{"rendered":"https:\/\/www.futboltotal.com.mx\/?p=502237"},"modified":"2017-09-30T18:59:21","modified_gmt":"2017-09-30T23:59:21","slug":"lobos-buap-vs-club-leon-liga-mx-minuto-a-minuto","status":"publish","type":"post","link":"http:\/\/desarrollo.grupomedios.com\/futbol\/futbol-mexicano\/lobos-buap-vs-club-leon-liga-mx-minuto-a-minuto\/2017\/09","title":{"rendered":"Lobos BUAP vs Club Le\u00f3n | Liga MX | Minuto a Minuto"},"content":{"rendered":"<div><iframe src=\"https:\/\/en-vivo.futboltotal.com.mx\/embed.php\/?id=320\" width=\"100%\" id=\"frame_minuto\"><\/iframe><\/div>\n<p>El cuadro de <strong>Lobos BUAP<\/strong> recibe al <strong>Le\u00f3n<\/strong> en el Jornada 12 del <strong>Apertura 2017<\/strong>, en el regreso de los poblanos a su casa.<\/p>\n<p>Lobos BUAP viene de un valioso triunfo a media semana ante <strong>Chivas<\/strong> en calidad de visitante, se encuentra en octavo lugar de la tabla general y de ganar podr\u00eda ponerse en las primeras 5 posiciones.<\/p>\n<blockquote class=\"twitter-tweet\" data-lang=\"es\">\n<p dir=\"ltr\" lang=\"es\">\u00a1Acomp\u00e1\u00f1anos en nuestro partido contra <a href=\"https:\/\/twitter.com\/clubleonfc?ref_src=twsrc%5Etfw\">@clubleonfc<\/a>!<br \/>\n&#x1f5d3;\ufe0f <a href=\"https:\/\/twitter.com\/hashtag\/J12AP2017?src=hash&amp;ref_src=twsrc%5Etfw\">#J12AP2017<\/a><br \/>\n\u23f0 17:00 hrs<br \/>\n&#x1f3df;\ufe0f Estadio Universitario BUAP<a href=\"https:\/\/twitter.com\/hashtag\/LlegamosParaQuedarnos?src=hash&amp;ref_src=twsrc%5Etfw\">#LlegamosParaQuedarnos<\/a> <a href=\"https:\/\/t.co\/a2COTWUkrl\">pic.twitter.com\/a2COTWUkrl<\/a><\/p>\n<p>\u2014 Lobos Buap Oficial (@LobosBuapMX) <a href=\"https:\/\/twitter.com\/LobosBuapMX\/status\/913569017662545921?ref_src=twsrc%5Etfw\">29 de septiembre de 2017<\/a><\/p><\/blockquote>\n<p><script async src=\"\/\/platform.twitter.com\/widgets.js\" charset=\"utf-8\"><\/script><\/p>\n<p>Por su parte el cuadro de Le\u00f3n llega luego de derrotar de forma ag\u00f3nica a las <strong>\u00c1guilas del Am\u00e9rica<\/strong>, el cambio de estratega les ha dado una motivaci\u00f3n extra y ya est\u00e1n en la posici\u00f3n n\u00famero cinco de la tabla general.<\/p>\n<blockquote class=\"twitter-tweet\" data-lang=\"es\">\n<p dir=\"ltr\" lang=\"es\">Realizamos nuestra \u00faltima pr\u00e1ctica antes de viajar a Puebla. Ma\u00f1ana enfrentaremos a <a href=\"https:\/\/twitter.com\/LobosBuapMX?ref_src=twsrc%5Etfw\">@LobosBuapMX<\/a>. <a href=\"https:\/\/t.co\/tNDeea8J9G\">pic.twitter.com\/tNDeea8J9G<\/a><\/p>\n<p>\u2014 Club Le\u00f3n (@clubleonfc) <a href=\"https:\/\/twitter.com\/clubleonfc\/status\/913792808393203717?ref_src=twsrc%5Etfw\">29 de septiembre de 2017<\/a><\/p><\/blockquote>\n<p><script async src=\"\/\/platform.twitter.com\/widgets.js\" charset=\"utf-8\"><\/script><\/p>\n<p>El conjunto de Lobos vive momentos complicados luego que <strong>Luis Qui\u00f1ones<\/strong> fuera dado de baja y <strong>Juli\u00e1n Qui\u00f1ones<\/strong>, quien es el goleador del equipo ha sido separado del equipo.<\/p>\n","protected":false},"excerpt":{"rendered":"<p>Apenas existen dos puntos de diferencia entre los equipos<\/p>\n","protected":false},"author":20,"featured_media":502444,"comment_status":"closed","ping_status":"closed","sticky":false,"template":"","format":"standard","meta":[],"categories":[2198,3845],"tags":[8357,5965,64,431],"_links":{"self":[{"href":"http:\/\/desarrollo.grupomedios.com\/futbol\/wp-json\/wp\/v2\/posts\/502237"}],"collection":[{"href":"http:\/\/desarrollo.grupomedios.com\/futbol\/wp-json\/wp\/v2\/posts"}],"about":[{"href":"http:\/\/desarrollo.grupomedios.com\/futbol\/wp-json\/wp\/v2\/types\/post"}],"author":[{"embeddable":true,"href":"http:\/\/desarrollo.grupomedios.com\/futbol\/wp-json\/wp\/v2\/users\/20"}],"replies":[{"embeddable":true,"href":"http:\/\/desarrollo.grupomedios.com\/futbol\/wp-json\/wp\/v2\/comments?post=502237"}],"version-history":[{"count":5,"href":"http:\/\/desarrollo.grupomedios.com\/futbol\/wp-json\/wp\/v2\/posts\/502237\/revisions"}],"predecessor-version":[{"id":502429,"href":"http:\/\/desarrollo.grupomedios.com\/futbol\/wp-json\/wp\/v2\/posts\/502237\/revisions\/502429"}],"wp:featuredmedia":[{"embeddable":true,"href":"http:\/\/desarrollo.grupomedios.com\/futbol\/wp-json\/wp\/v2\/media\/502444"}],"wp:attachment":[{"href":"http:\/\/desarrollo.grupomedios.com\/futbol\/wp-json\/wp\/v2\/media?parent=502237"}],"wp:term":[{"taxonomy":"category","embeddable":true,"href":"http:\/\/desarrollo.grupomedios.com\/futbol\/wp-json\/wp\/v2\/categories?post=502237"},{"taxonomy":"post_tag","embeddable":true,"href":"http:\/\/desarrollo.grupomedios.com\/futbol\/wp-json\/wp\/v2\/tags?post=502237"}],"curies":[{"name":"wp","href":"https:\/\/api.w.org\/{rel}","templated":true}]}}