{"id":502239,"date":"2017-09-29T13:19:29","date_gmt":"2017-09-29T18:19:29","guid":{"rendered":"https:\/\/www.futboltotal.com.mx\/?p=502239"},"modified":"2017-09-29T13:19:29","modified_gmt":"2017-09-29T18:19:29","slug":"guardiola-confirma-lesion-aguero-iria-argentina","status":"publish","type":"post","link":"http:\/\/desarrollo.grupomedios.com\/futbol\/futbol-internacional\/guardiola-confirma-lesion-aguero-iria-argentina\/2017\/09","title":{"rendered":"Guardiola confirma lesi\u00f3n de Ag\u00fcero, quien no ir\u00eda con Argentina"},"content":{"rendered":"<div id=\"texto\" class=\"texto_txt\">\n<div class=\"DETALLE_N_texto \">\n<p><span id=\"ctl14_lblMostra\"><strong>Pep Guardiola<\/strong>, entrenador del <strong>Manchester City<\/strong>, ha asegurado que las primeras exploraciones apuntan a que <strong>Sergio Ag\u00fcero<\/strong> tiene una costilla rota, al tiempo que ha mostrado dudas sobre la posibilidad de que el delantero pueda estar en las eliminatorias con Argentina.<\/p>\n<p>&#8220;La primera impresi\u00f3n es que se ha roto una costilla, pero todav\u00eda no s\u00e9 cu\u00e1ntos d\u00edas va a estar fuera&#8221;, coment\u00f3 Guardiola en la rueda de prensa previa al partido del s\u00e1bado frente al <strong>Chelsea<\/strong> en Londres. &#8220;Ag\u00fcero ha tenido un accidente en Amsterdam. No soy m\u00e9dico y no s\u00e9 el tiempo de baja; va a regresar hoy y empezar la recuperaci\u00f3n cuanto antes&#8221;, dijo.<\/p>\n<p>El entrenador espa\u00f1ol, que esta semana ya sufri\u00f3 la baja de otro de sus puntales, el lateral izquierdo franc\u00e9s <strong>Benjamin Mendy<\/strong>, quien tiene roto el ligamento cruzado anterior de la rodilla derecha, declar\u00f3 que &#8220;todav\u00eda no&#8221; ha hablado con el <em>Kun<\/em> y ha negado que sea un problema que el jugador se fuera a un concierto en Amsterdam.<\/span><\/p>\n<p style=\"text-align: center;\"><span id=\"ctl14_lblMostra\"><a href=\"https:\/\/www.futboltotal.com.mx\/2017\/09\/taxista-llevaba-al-kun-aguero-habria-ido-a-exceso-velocidad\/\" target=\"_blank\" rel=\"noopener\"><span style=\"color: #333399;\">VER M\u00c1S: Taxista que llevaba al <em>Kun<\/em> Ag\u00fcero habr\u00eda ido a exceso de velocidad<\/span><\/a><\/span><\/p>\n<p><span id=\"ctl14_lblMostra\">El internacional argentino <a href=\"https:\/\/www.futboltotal.com.mx\/2017\/09\/kun-aguero-se-lesiona-en-accidente-automovilistico\/\" target=\"_blank\" rel=\"noopener\"><span style=\"color: #333399;\">acababa de asistir a un concierto del cantante colombiano de reguet\u00f3n <strong>Maluma<\/strong><\/span><\/a>, con quien hab\u00eda intercambiado mensajes y fotograf\u00edas a trav\u00e9s de sus cuentas en Instagram, y se trasladaba al aeropuerto para regresar a Manchester.<\/p>\n<p>Seg\u00fan la versi\u00f3n period\u00edstica, el autom\u00f3vil perdi\u00f3 el control y choc\u00f3 violentamente contra un poste.<\/p>\n<p>&#8220;Todav\u00eda no he hablado con \u00e9l. He estado preparando el entrenamiento y hablaremos hoy. La primera impresi\u00f3n es que se ha roto una costilla&#8221;, explic\u00f3 Pep.<\/p>\n<p>&#8220;Los d\u00edas libres son para disfrutarlos. Yo soy un entrenador que no quiere entrenar a diario porque s\u00e9 que los jugadores necesitan descanso, f\u00edsica y mentalmente&#8221;, subray\u00f3.<\/p>\n<p>Guardiola, adem\u00e1s, confirm\u00f3 que el &#8216;Kun&#8217; no estar\u00e1 el s\u00e1bado en el partido de liga contra el Chelsea y dud\u00f3 que pudiera estar recuperado para los cruciales partidos del mes que viene con Argentina, que definir\u00e1n la suerte de la <em>Albiceleste<\/em> en el pr\u00f3ximo Mundial.<\/p>\n<p>&#8220;No puede jugar ma\u00f1ana y quiz\u00e1 no vaya con su selecci\u00f3n. Lo importante es que est\u00e1 bien, no si puede jugar o no&#8221;, apunt\u00f3 el entrenador catal\u00e1n.<\/span><\/p>\n<\/div>\n<\/div>\n","protected":false},"excerpt":{"rendered":"<p>El costoso accidente del delantero argentino le impedir\u00e1 jugar los pr\u00f3ximos partidos.<\/p>\n","protected":false},"author":144,"featured_media":502242,"comment_status":"closed","ping_status":"closed","sticky":false,"template":"","format":"standard","meta":[],"categories":[3839],"tags":[4188,152,1245,5993,1791,5992],"_links":{"self":[{"href":"http:\/\/desarrollo.grupomedios.com\/futbol\/wp-json\/wp\/v2\/posts\/502239"}],"collection":[{"href":"http:\/\/desarrollo.grupomedios.com\/futbol\/wp-json\/wp\/v2\/posts"}],"about":[{"href":"http:\/\/desarrollo.grupomedios.com\/futbol\/wp-json\/wp\/v2\/types\/post"}],"author":[{"embeddable":true,"href":"http:\/\/desarrollo.grupomedios.com\/futbol\/wp-json\/wp\/v2\/users\/144"}],"replies":[{"embeddable":true,"href":"http:\/\/desarrollo.grupomedios.com\/futbol\/wp-json\/wp\/v2\/comments?post=502239"}],"version-history":[{"count":1,"href":"http:\/\/desarrollo.grupomedios.com\/futbol\/wp-json\/wp\/v2\/posts\/502239\/revisions"}],"predecessor-version":[{"id":502245,"href":"http:\/\/desarrollo.grupomedios.com\/futbol\/wp-json\/wp\/v2\/posts\/502239\/revisions\/502245"}],"wp:featuredmedia":[{"embeddable":true,"href":"http:\/\/desarrollo.grupomedios.com\/futbol\/wp-json\/wp\/v2\/media\/502242"}],"wp:attachment":[{"href":"http:\/\/desarrollo.grupomedios.com\/futbol\/wp-json\/wp\/v2\/media?parent=502239"}],"wp:term":[{"taxonomy":"category","embeddable":true,"href":"http:\/\/desarrollo.grupomedios.com\/futbol\/wp-json\/wp\/v2\/categories?post=502239"},{"taxonomy":"post_tag","embeddable":true,"href":"http:\/\/desarrollo.grupomedios.com\/futbol\/wp-json\/wp\/v2\/tags?post=502239"}],"curies":[{"name":"wp","href":"https:\/\/api.w.org\/{rel}","templated":true}]}}