{"id":502269,"date":"2017-09-29T15:09:19","date_gmt":"2017-09-29T20:09:19","guid":{"rendered":"https:\/\/www.futboltotal.com.mx\/?p=502269"},"modified":"2017-09-29T15:09:19","modified_gmt":"2017-09-29T20:09:19","slug":"jugador-del-psg-denuncia-al-equipo-acoso-laboral","status":"publish","type":"post","link":"http:\/\/desarrollo.grupomedios.com\/futbol\/futbol-internacional\/jugador-del-psg-denuncia-al-equipo-acoso-laboral\/2017\/09","title":{"rendered":"Jugador del PSG denuncia al equipo por acoso laboral"},"content":{"rendered":"<p>El conflicto entre el <strong>Paris Saint-Germain<\/strong> y\u00a0<strong>Ben Arfa<\/strong> se ha tornado complicado y con tintes legales, pues el futbolista ha puesto a trabajar a sus abogados.<\/p>\n<p>De acuerdo a\u00a0<em>L&#8217;Equipe, <\/em>el futbolista ha llevado a sus abogados a denunciar al a club ante\u00a0Liga de f\u00fatbol francesa.<\/p>\n<blockquote><p>&#8220;<strong>Est\u00e1n utilizando contra \u00e9l m\u00e9todos de psicolog\u00eda<\/strong>. Esta situaci\u00f3n empez\u00f3 en julio, cuando se le avis\u00f3 de que no ir\u00eda a la gira por Estados Unidos s\u00f3lo un d\u00eda antes de viajar. Adem\u00e1s, sus entrenamientos con el filial, que deber\u00edan ser puntuales, se han convertido en el d\u00eda a d\u00eda del futbolista. Es una falta de respeto&#8221;, indica el defensor del futbolista,\u00a0Jean-Jacques Bertrand.<\/p><\/blockquote>\n<p style=\"text-align: center;\"><span style=\"color: #333399;\"><a href=\"https:\/\/www.futboltotal.com.mx\/2017\/09\/real-madrid-barcelona-se-disputan-al-nuevo-asensio\/\" target=\"_blank\" rel=\"noopener\">VER M\u00c1S: Real Madrid y Barcelona se disputan al &#8216;nuevo Asensio&#8217;<\/a><\/span><\/p>\n<p>Arfa ha sido practicamente desaparecido del cuadro parisino, no ha tenido participaci\u00f3n y est\u00e1 fuera de la lista para disputar la <strong>Champions League.<\/strong><\/p>\n<p>El futbolista de 30 a\u00f1os tiene contrato hasta junio de 2018 y su ficha est\u00e1 muy elevada,\u00a07 millones de euros, hace que deba cumplir con lo firmado por el club.<\/p>\n<p style=\"text-align: center;\"><span style=\"color: #333399;\"><a href=\"https:\/\/www.futboltotal.com.mx\/2017\/09\/charly-presenta-la-playera-oficial-club-cuervos\/\" target=\"_blank\" rel=\"noopener\">VER M\u00c1S: Charly presenta playera oficial de Club de Cuervos<\/a><\/span><\/p>\n<p>&nbsp;<\/p>\n","protected":false},"excerpt":{"rendered":"<p>El futbolista no est\u00e1 nada contento con los parisinos<\/p>\n","protected":false},"author":20,"featured_media":491778,"comment_status":"closed","ping_status":"closed","sticky":false,"template":"","format":"standard","meta":[],"categories":[3839],"tags":[10081,114,2889],"_links":{"self":[{"href":"http:\/\/desarrollo.grupomedios.com\/futbol\/wp-json\/wp\/v2\/posts\/502269"}],"collection":[{"href":"http:\/\/desarrollo.grupomedios.com\/futbol\/wp-json\/wp\/v2\/posts"}],"about":[{"href":"http:\/\/desarrollo.grupomedios.com\/futbol\/wp-json\/wp\/v2\/types\/post"}],"author":[{"embeddable":true,"href":"http:\/\/desarrollo.grupomedios.com\/futbol\/wp-json\/wp\/v2\/users\/20"}],"replies":[{"embeddable":true,"href":"http:\/\/desarrollo.grupomedios.com\/futbol\/wp-json\/wp\/v2\/comments?post=502269"}],"version-history":[{"count":1,"href":"http:\/\/desarrollo.grupomedios.com\/futbol\/wp-json\/wp\/v2\/posts\/502269\/revisions"}],"predecessor-version":[{"id":502273,"href":"http:\/\/desarrollo.grupomedios.com\/futbol\/wp-json\/wp\/v2\/posts\/502269\/revisions\/502273"}],"wp:featuredmedia":[{"embeddable":true,"href":"http:\/\/desarrollo.grupomedios.com\/futbol\/wp-json\/wp\/v2\/media\/491778"}],"wp:attachment":[{"href":"http:\/\/desarrollo.grupomedios.com\/futbol\/wp-json\/wp\/v2\/media?parent=502269"}],"wp:term":[{"taxonomy":"category","embeddable":true,"href":"http:\/\/desarrollo.grupomedios.com\/futbol\/wp-json\/wp\/v2\/categories?post=502269"},{"taxonomy":"post_tag","embeddable":true,"href":"http:\/\/desarrollo.grupomedios.com\/futbol\/wp-json\/wp\/v2\/tags?post=502269"}],"curies":[{"name":"wp","href":"https:\/\/api.w.org\/{rel}","templated":true}]}}