{"id":502286,"date":"2017-09-29T15:57:31","date_gmt":"2017-09-29T20:57:31","guid":{"rendered":"https:\/\/www.futboltotal.com.mx\/?p=502286"},"modified":"2017-09-29T15:57:31","modified_gmt":"2017-09-29T20:57:31","slug":"canelo-alvarez-siguiente-rival-mcgregor","status":"publish","type":"post","link":"http:\/\/desarrollo.grupomedios.com\/futbol\/otros-deportes\/canelo-alvarez-siguiente-rival-mcgregor\/2017\/09","title":{"rendered":"Canelo \u00c1lvarez, \u00bfel siguiente rival de McGregor?"},"content":{"rendered":"<p><strong>Conor &#8216;The Notorious&#8217; McGregor,\u00a0<\/strong>luego de perder ante\u00a0<strong>Floyd Mayweather,\u00a0<\/strong>quiere volver a subir al cuadril\u00e1tero y ya tiene en mente a su pr\u00f3ximo rival, Sa\u00fal &#8216;Canelo&#8217; \u00c1lvarez.<\/p>\n<p>&#8220;Puedo decir que McGregor y su representante,\u00a0<strong>Audie Attar<\/strong>, han estado en reuniones todo el d\u00eda.\u00a0<strong>Pronto comenzaremos a considerar la fecha para pelear<\/strong>. Si fuera mi decisi\u00f3n, y debo recalcar que no significa que vaya a suceder,\u00a0<strong>lo har\u00eda en marzo<\/strong>. Quiero a Nate D\u00edaz en el Paddy&#8217;s Day en Nueva York. Eso ser\u00eda incre\u00edble. Pero tambi\u00e9n\u00a0<strong>podr\u00eda ser Canelo en mayo<\/strong>&#8220;, asegur\u00f3\u00a0<strong>John Kavanagh,\u00a0<\/strong>coach de artes marciales que tiene bajo su tutela al peleador de UFC\u00a0a MMAfighting.<\/p>\n<p style=\"text-align: center;\"><span style=\"color: #333399;\"><a href=\"https:\/\/www.futboltotal.com.mx\/2017\/09\/seleccion-mexicana-renueva-8-anos-televisa-azteca\/\" target=\"_blank\" rel=\"noopener\">VER M\u00c1S: Selecci\u00f3n Mexicana renueva 8 con Televisa y TV Azteca<\/a><\/span><\/p>\n<p><strong>Kavanagh\u00a0<\/strong>est\u00e1 convencido que el irland\u00e9s podr\u00eda hacer carrera en el boxeo, solo que necesita de un buen campamento de entrenamiento y entrenamiento para sorprender a todos, pues pasa la pelea ante Mayweather solo tuvo 3 meses.<\/p>\n<p>&#8220;Deber\u00eda derrotar a alguien bueno en el boxeo y\u00a0<strong>tener un verdadero campamento de entrenamiento<\/strong>. Creo que no ha terminado como boxeador. Tuvo un combate contra el m\u00e1s grande de todos los tiempos y no luci\u00f3 muy mal. Si hubiera un gran combate, como\u00a0<strong>Canelo \u00c1lvarez<\/strong>, Conor McGregor podr\u00eda hacerlo&#8221;, finaliz\u00f3<\/p>\n<p style=\"text-align: center;\"><span style=\"color: #333399;\"><a href=\"https:\/\/www.futboltotal.com.mx\/2017\/09\/alan-pulido-una-historia-de-goles-de-tigres-hasta-chivas\/\" target=\"_blank\" rel=\"noopener\">VER M\u00c1S: Alan Pulido, una historia de goles de Tigres hasta Chivas<\/a><\/span><\/p>\n","protected":false},"excerpt":{"rendered":"<p>El peleador irland\u00e9s quiere incursionar de nuevo en el boxeo<\/p>\n","protected":false},"author":20,"featured_media":502289,"comment_status":"closed","ping_status":"closed","sticky":false,"template":"","format":"standard","meta":[],"categories":[6411],"tags":[5935,5934,8231],"_links":{"self":[{"href":"http:\/\/desarrollo.grupomedios.com\/futbol\/wp-json\/wp\/v2\/posts\/502286"}],"collection":[{"href":"http:\/\/desarrollo.grupomedios.com\/futbol\/wp-json\/wp\/v2\/posts"}],"about":[{"href":"http:\/\/desarrollo.grupomedios.com\/futbol\/wp-json\/wp\/v2\/types\/post"}],"author":[{"embeddable":true,"href":"http:\/\/desarrollo.grupomedios.com\/futbol\/wp-json\/wp\/v2\/users\/20"}],"replies":[{"embeddable":true,"href":"http:\/\/desarrollo.grupomedios.com\/futbol\/wp-json\/wp\/v2\/comments?post=502286"}],"version-history":[{"count":1,"href":"http:\/\/desarrollo.grupomedios.com\/futbol\/wp-json\/wp\/v2\/posts\/502286\/revisions"}],"predecessor-version":[{"id":502291,"href":"http:\/\/desarrollo.grupomedios.com\/futbol\/wp-json\/wp\/v2\/posts\/502286\/revisions\/502291"}],"wp:featuredmedia":[{"embeddable":true,"href":"http:\/\/desarrollo.grupomedios.com\/futbol\/wp-json\/wp\/v2\/media\/502289"}],"wp:attachment":[{"href":"http:\/\/desarrollo.grupomedios.com\/futbol\/wp-json\/wp\/v2\/media?parent=502286"}],"wp:term":[{"taxonomy":"category","embeddable":true,"href":"http:\/\/desarrollo.grupomedios.com\/futbol\/wp-json\/wp\/v2\/categories?post=502286"},{"taxonomy":"post_tag","embeddable":true,"href":"http:\/\/desarrollo.grupomedios.com\/futbol\/wp-json\/wp\/v2\/tags?post=502286"}],"curies":[{"name":"wp","href":"https:\/\/api.w.org\/{rel}","templated":true}]}}