{"id":502292,"date":"2017-10-01T12:35:21","date_gmt":"2017-10-01T17:35:21","guid":{"rendered":"https:\/\/www.futboltotal.com.mx\/?p=502292"},"modified":"2017-10-01T15:34:19","modified_gmt":"2017-10-01T20:34:19","slug":"201709real-madrid-vs-rcd-espanyol-la-liga-espana-minuto-a-minuto","status":"publish","type":"post","link":"http:\/\/desarrollo.grupomedios.com\/futbol\/futbol-internacional\/201709real-madrid-vs-rcd-espanyol-la-liga-espana-minuto-a-minuto\/2017\/10","title":{"rendered":"Real Madrid vs RCD Espanyol | LaLiga Espa\u00f1a | Minuto a Minuto"},"content":{"rendered":"<p>El <strong>Real Madrid<\/strong> recibe la visita del <strong>RCD\u00a0Espanyol de Barcelona<\/strong> en la Jornada 7 de la Liga de Espa\u00f1a.<\/p>\n<div><iframe src=\"https:\/\/en-vivo.futboltotal.com.mx\/embed.php\/?id=325\" width=\"100%\" id=\"frame_minuto\"><\/iframe><\/div>\n<p>Poco a poco, el cuadro &#8216;Merengue&#8217; ha comenzado a retomar su nivel, y eso ha tenido que ver tambi\u00e9n con el regreso de <strong>Cristiano Ronaldo<\/strong>.<\/p>\n<p>Los madridistas se encuentran en la sexta posici\u00f3n de la tabla con 11 unidades, siete menos que el Barcelona, quien es l\u00edder con 18 puntos, y apenas tres por arriba del Espanyol, rival que tendr\u00e1n el domingo.<\/p>\n","protected":false},"excerpt":{"rendered":"<p>Los madridistas quieren escalar puestos, y para ello deben derrotar a los &#8216;Periquitos&#8217;.<\/p>\n","protected":false},"author":20,"featured_media":502293,"comment_status":"closed","ping_status":"closed","sticky":false,"template":"","format":"standard","meta":[],"categories":[3839,3844],"tags":[67,76,5988],"_links":{"self":[{"href":"http:\/\/desarrollo.grupomedios.com\/futbol\/wp-json\/wp\/v2\/posts\/502292"}],"collection":[{"href":"http:\/\/desarrollo.grupomedios.com\/futbol\/wp-json\/wp\/v2\/posts"}],"about":[{"href":"http:\/\/desarrollo.grupomedios.com\/futbol\/wp-json\/wp\/v2\/types\/post"}],"author":[{"embeddable":true,"href":"http:\/\/desarrollo.grupomedios.com\/futbol\/wp-json\/wp\/v2\/users\/20"}],"replies":[{"embeddable":true,"href":"http:\/\/desarrollo.grupomedios.com\/futbol\/wp-json\/wp\/v2\/comments?post=502292"}],"version-history":[{"count":5,"href":"http:\/\/desarrollo.grupomedios.com\/futbol\/wp-json\/wp\/v2\/posts\/502292\/revisions"}],"predecessor-version":[{"id":502544,"href":"http:\/\/desarrollo.grupomedios.com\/futbol\/wp-json\/wp\/v2\/posts\/502292\/revisions\/502544"}],"wp:featuredmedia":[{"embeddable":true,"href":"http:\/\/desarrollo.grupomedios.com\/futbol\/wp-json\/wp\/v2\/media\/502293"}],"wp:attachment":[{"href":"http:\/\/desarrollo.grupomedios.com\/futbol\/wp-json\/wp\/v2\/media?parent=502292"}],"wp:term":[{"taxonomy":"category","embeddable":true,"href":"http:\/\/desarrollo.grupomedios.com\/futbol\/wp-json\/wp\/v2\/categories?post=502292"},{"taxonomy":"post_tag","embeddable":true,"href":"http:\/\/desarrollo.grupomedios.com\/futbol\/wp-json\/wp\/v2\/tags?post=502292"}],"curies":[{"name":"wp","href":"https:\/\/api.w.org\/{rel}","templated":true}]}}