{"id":502298,"date":"2017-09-29T16:44:11","date_gmt":"2017-09-29T21:44:11","guid":{"rendered":"https:\/\/www.futboltotal.com.mx\/?p=502298"},"modified":"2017-09-29T16:44:11","modified_gmt":"2017-09-29T21:44:11","slug":"familia-jugadora-america-afectada-sismo","status":"publish","type":"post","link":"http:\/\/desarrollo.grupomedios.com\/futbol\/futbol-mexicano\/familia-jugadora-america-afectada-sismo\/2017\/09","title":{"rendered":"Familia de jugadora de Am\u00e9rica, afectada por sismo"},"content":{"rendered":"<p>La jugadora de las <strong>\u00c1guilas del Am\u00e9rica<\/strong>,\u00a0<strong>Lucero Cuevas,\u00a0<\/strong>quien caus\u00f3 sorpresa por su no convocatoria\u00a0a la\u00a0<strong>Selecci\u00f3n Mexicana femenil,\u00a0<\/strong>no pudo asistir por problemas familiares que estuvieron ligados directamente con el sismo que se vivi\u00f3 en M\u00e9xico el pasado 19 de septiembre.<\/p>\n<blockquote><p>&#8220;La calidad de <strong>Lucero Cuevas<\/strong> y la constancia de sus actuaciones le van a dar esa oportunidad tarde o temprano. Ella est\u00e1 comprometida a su mejora del d\u00eda con d\u00eda, no fue f\u00e1cil para ella porque <strong>su familia fue afectada en Morelos<\/strong>, incluso estuvo ausente de nuestras pr\u00e1cticas\u201d, explic\u00f3 el estratega de las \u00c1guilas, <strong>Leonardo Cuellar<\/strong>.<\/p>\n<p style=\"text-align: center;\"><span style=\"color: #333399;\"><a href=\"https:\/\/www.futboltotal.com.mx\/2017\/09\/canelo-alvarez-siguiente-rival-mcgregor\/\" target=\"_blank\" rel=\"noopener\">VER M\u00c1S: Canelo \u00c1lvarez, \u00bfel siguiente rival de McGregor?<\/a><\/span><\/p>\n<\/blockquote>\n<p>El director t\u00e9cnico indic\u00f3 que seguir\u00e1n apoyando a la delantera para que tenga otro llamado al Tricolor.<\/p>\n<blockquote><p>\u201cLa vamos a ayudar para que cuando la Selecci\u00f3n Nacional le haga su invitaci\u00f3n, est\u00e9 lista para pelear un puesto\u201d.<\/p><\/blockquote>\n<p>Actualmente Lucero \u00c1lvarez est\u00e1 en el liderato de goleo en la <strong>Liga Femenil MX<\/strong> con <strong>11 anotaciones<\/strong>.<\/p>\n<p style=\"text-align: center;\"><span style=\"color: #333399;\"><a href=\"https:\/\/www.futboltotal.com.mx\/2017\/09\/real-madrid-barcelona-se-disputan-al-nuevo-asensio\/\" target=\"_blank\" rel=\"noopener\">VER M\u00c1S: Real Madrid y Barcelona se disputan al &#8216;nuevo Asensio&#8217;<\/a><\/span><\/p>\n<p>&nbsp;<\/p>\n","protected":false},"excerpt":{"rendered":"<p>La jugadora se perdi\u00f3 la convocatoria al Tri por este tema<\/p>\n","protected":false},"author":20,"featured_media":492194,"comment_status":"closed","ping_status":"closed","sticky":false,"template":"","format":"standard","meta":[],"categories":[2198,9628],"tags":[5959,8026,9551],"_links":{"self":[{"href":"http:\/\/desarrollo.grupomedios.com\/futbol\/wp-json\/wp\/v2\/posts\/502298"}],"collection":[{"href":"http:\/\/desarrollo.grupomedios.com\/futbol\/wp-json\/wp\/v2\/posts"}],"about":[{"href":"http:\/\/desarrollo.grupomedios.com\/futbol\/wp-json\/wp\/v2\/types\/post"}],"author":[{"embeddable":true,"href":"http:\/\/desarrollo.grupomedios.com\/futbol\/wp-json\/wp\/v2\/users\/20"}],"replies":[{"embeddable":true,"href":"http:\/\/desarrollo.grupomedios.com\/futbol\/wp-json\/wp\/v2\/comments?post=502298"}],"version-history":[{"count":1,"href":"http:\/\/desarrollo.grupomedios.com\/futbol\/wp-json\/wp\/v2\/posts\/502298\/revisions"}],"predecessor-version":[{"id":502299,"href":"http:\/\/desarrollo.grupomedios.com\/futbol\/wp-json\/wp\/v2\/posts\/502298\/revisions\/502299"}],"wp:featuredmedia":[{"embeddable":true,"href":"http:\/\/desarrollo.grupomedios.com\/futbol\/wp-json\/wp\/v2\/media\/492194"}],"wp:attachment":[{"href":"http:\/\/desarrollo.grupomedios.com\/futbol\/wp-json\/wp\/v2\/media?parent=502298"}],"wp:term":[{"taxonomy":"category","embeddable":true,"href":"http:\/\/desarrollo.grupomedios.com\/futbol\/wp-json\/wp\/v2\/categories?post=502298"},{"taxonomy":"post_tag","embeddable":true,"href":"http:\/\/desarrollo.grupomedios.com\/futbol\/wp-json\/wp\/v2\/tags?post=502298"}],"curies":[{"name":"wp","href":"https:\/\/api.w.org\/{rel}","templated":true}]}}