{"id":502332,"date":"2017-09-29T20:53:40","date_gmt":"2017-09-30T01:53:40","guid":{"rendered":"https:\/\/www.futboltotal.com.mx\/?p=502332"},"modified":"2017-09-29T20:53:40","modified_gmt":"2017-09-30T01:53:40","slug":"cronica-resultados-monarcas-3-0-xolos-apertura-2017-liga-mx","status":"publish","type":"post","link":"http:\/\/desarrollo.grupomedios.com\/futbol\/destacado-home\/cronica-resultados-monarcas-3-0-xolos-apertura-2017-liga-mx\/2017\/09","title":{"rendered":"Monarcas gana con autoridad a los Xolos"},"content":{"rendered":"<p>Una gran tarde del mediocampista chileno <strong>Diego Vald\u00e9s<\/strong> fue vital en la goleada de <strong>Monarcas Morelia<\/strong> por 3-0 sobre los <em>Xolos<\/em> de <strong>Tijuana<\/strong>.<\/p>\n<p>Diego Vald\u00e9s comenz\u00f3 la fiesta al minuto 19, cuando defini\u00f3 con un disparo entre las piernas de Gibran Lajud y anot\u00f3 el 1-0 a favor de los michoacanos.<\/p>\n<blockquote class=\"twitter-tweet\" data-partner=\"tweetdeck\">\n<p dir=\"ltr\" lang=\"es\"><a href=\"https:\/\/twitter.com\/hashtag\/NoTeLoPierdas?src=hash&amp;ref_src=twsrc%5Etfw\">#NoTeLoPierdas<\/a><br \/>\nG\u26bd\u26bd\u26bdL de Diego Vald\u00e9s<a href=\"https:\/\/twitter.com\/FuerzaMonarca?ref_src=twsrc%5Etfw\">@FuerzaMonarca<\/a> 1-0 <a href=\"https:\/\/twitter.com\/Xolos?ref_src=twsrc%5Etfw\">@Xolos<\/a> <a href=\"https:\/\/twitter.com\/hashtag\/J12AP2017?src=hash&amp;ref_src=twsrc%5Etfw\">#J12AP2017<\/a> <a href=\"https:\/\/twitter.com\/hashtag\/LIGABancomerMX?src=hash&amp;ref_src=twsrc%5Etfw\">#LIGABancomerMX<\/a><br \/>\n\u26bd <a href=\"https:\/\/twitter.com\/hashtag\/SienteTuLiga?src=hash&amp;ref_src=twsrc%5Etfw\">#SienteTuLiga<\/a> \u26bd <a href=\"https:\/\/twitter.com\/hashtag\/FuerzaMexico?src=hash&amp;ref_src=twsrc%5Etfw\">#FuerzaMexico<\/a>  <a href=\"https:\/\/t.co\/0uRYRM0Op5\">pic.twitter.com\/0uRYRM0Op5<\/a><\/p>\n<p>\u2014 LIGA Bancomer MX (@LIGABancomerMX) <a href=\"https:\/\/twitter.com\/LIGABancomerMX\/status\/913922659871858688?ref_src=twsrc%5Etfw\">September 30, 2017<\/a><\/p><\/blockquote>\n<p><script async src=\"\/\/platform.twitter.com\/widgets.js\" charset=\"utf-8\"><\/script><\/p>\n<p>Un partido apretado y con llegadas se dio durante gran parte del encuentro, pero fue hasta el minuto 75, cuando <strong>Rodolfo el &#8216;P\u00edpila&#8217; Vilchis<\/strong> colg\u00f3 un disparo casi en el \u00e1ngulo derecho y puso el 2-0.<\/p>\n<blockquote class=\"twitter-video\" data-lang=\"es\">\n<p dir=\"ltr\" lang=\"es\"><a href=\"https:\/\/twitter.com\/hashtag\/J12AP2017?src=hash&amp;ref_src=twsrc%5Etfw\">#J12AP2017<\/a><br \/>\n\u23f1\ufe0f77 As\u00ed fue la segunda anotaci\u00f3n de la Monarqu\u00eda por parte de Vilchis.<a href=\"https:\/\/twitter.com\/FuerzaMonarca?ref_src=twsrc%5Etfw\">@FuerzaMonarca<\/a> 2-0 <a href=\"https:\/\/twitter.com\/Xolos?ref_src=twsrc%5Etfw\">@Xolos<\/a> <a href=\"https:\/\/t.co\/tk4okTBqGi\">pic.twitter.com\/tk4okTBqGi<\/a><\/p>\n<p>\u2014 Monarcas Morelia (@FuerzaMonarca) <a href=\"https:\/\/twitter.com\/FuerzaMonarca\/status\/913941432007831553?ref_src=twsrc%5Etfw\">30 de septiembre de 2017<\/a><\/p><\/blockquote>\n<p><script async src=\"\/\/platform.twitter.com\/widgets.js\" charset=\"utf-8\"><\/script><\/p>\n<p>Finalmente, Monarcas cerr\u00f3 la cuenta con el segundo gol del chileno Vald\u00e9s al minuto 83 para sentenciar el partido con el 3-0 que le dio la goleada a los locales.<\/p>\n<blockquote class=\"twitter-tweet\" data-partner=\"tweetdeck\">\n<p dir=\"ltr\" lang=\"es\"><a href=\"https:\/\/twitter.com\/hashtag\/NoTeLoPierdas?src=hash&amp;ref_src=twsrc%5Etfw\">#NoTeLoPierdas<\/a><br \/>\n2do G\u26bd\u26bd\u26bdL de Diego Vald\u00e9s<a href=\"https:\/\/twitter.com\/FuerzaMonarca?ref_src=twsrc%5Etfw\">@FuerzaMonarca<\/a> 3-0 <a href=\"https:\/\/twitter.com\/Xolos?ref_src=twsrc%5Etfw\">@Xolos<\/a> <a href=\"https:\/\/twitter.com\/hashtag\/J12AP2017?src=hash&amp;ref_src=twsrc%5Etfw\">#J12AP2017<\/a> <a href=\"https:\/\/twitter.com\/hashtag\/LIGABancomerMX?src=hash&amp;ref_src=twsrc%5Etfw\">#LIGABancomerMX<\/a><br \/>\n\u26bd <a href=\"https:\/\/twitter.com\/hashtag\/SienteTuLiga?src=hash&amp;ref_src=twsrc%5Etfw\">#SienteTuLiga<\/a> \u26bd <a href=\"https:\/\/twitter.com\/hashtag\/FuerzaMexico?src=hash&amp;ref_src=twsrc%5Etfw\">#FuerzaMexico<\/a>  <a href=\"https:\/\/t.co\/y95yuEcHGZ\">pic.twitter.com\/y95yuEcHGZ<\/a><\/p>\n<p>\u2014 LIGA Bancomer MX (@LIGABancomerMX) <a href=\"https:\/\/twitter.com\/LIGABancomerMX\/status\/913943603130617857?ref_src=twsrc%5Etfw\">September 30, 2017<\/a><\/p><\/blockquote>\n<p><script async src=\"\/\/platform.twitter.com\/widgets.js\" charset=\"utf-8\"><\/script><\/p>\n","protected":false},"excerpt":{"rendered":"<p>Con doblete de Diego Vald\u00e9s, Monarcas fulmin\u00f3 a los fronterizos<\/p>\n","protected":false},"author":20,"featured_media":502333,"comment_status":"closed","ping_status":"closed","sticky":false,"template":"","format":"standard","meta":[],"categories":[5,2198,3845],"tags":[64,85,5974],"_links":{"self":[{"href":"http:\/\/desarrollo.grupomedios.com\/futbol\/wp-json\/wp\/v2\/posts\/502332"}],"collection":[{"href":"http:\/\/desarrollo.grupomedios.com\/futbol\/wp-json\/wp\/v2\/posts"}],"about":[{"href":"http:\/\/desarrollo.grupomedios.com\/futbol\/wp-json\/wp\/v2\/types\/post"}],"author":[{"embeddable":true,"href":"http:\/\/desarrollo.grupomedios.com\/futbol\/wp-json\/wp\/v2\/users\/20"}],"replies":[{"embeddable":true,"href":"http:\/\/desarrollo.grupomedios.com\/futbol\/wp-json\/wp\/v2\/comments?post=502332"}],"version-history":[{"count":1,"href":"http:\/\/desarrollo.grupomedios.com\/futbol\/wp-json\/wp\/v2\/posts\/502332\/revisions"}],"predecessor-version":[{"id":502334,"href":"http:\/\/desarrollo.grupomedios.com\/futbol\/wp-json\/wp\/v2\/posts\/502332\/revisions\/502334"}],"wp:featuredmedia":[{"embeddable":true,"href":"http:\/\/desarrollo.grupomedios.com\/futbol\/wp-json\/wp\/v2\/media\/502333"}],"wp:attachment":[{"href":"http:\/\/desarrollo.grupomedios.com\/futbol\/wp-json\/wp\/v2\/media?parent=502332"}],"wp:term":[{"taxonomy":"category","embeddable":true,"href":"http:\/\/desarrollo.grupomedios.com\/futbol\/wp-json\/wp\/v2\/categories?post=502332"},{"taxonomy":"post_tag","embeddable":true,"href":"http:\/\/desarrollo.grupomedios.com\/futbol\/wp-json\/wp\/v2\/tags?post=502332"}],"curies":[{"name":"wp","href":"https:\/\/api.w.org\/{rel}","templated":true}]}}