{"id":502381,"date":"2017-09-30T11:20:06","date_gmt":"2017-09-30T16:20:06","guid":{"rendered":"https:\/\/www.futboltotal.com.mx\/?p=502381"},"modified":"2017-09-30T11:20:06","modified_gmt":"2017-09-30T16:20:06","slug":"andres-guardado-confiesa-real-madrid-lo-busco","status":"publish","type":"post","link":"http:\/\/desarrollo.grupomedios.com\/futbol\/destacado-home\/andres-guardado-confiesa-real-madrid-lo-busco\/2017\/09","title":{"rendered":"Andr\u00e9s Guardado confiesa que Real Madrid lo busc\u00f3"},"content":{"rendered":"<p>El mediocampista mexicano, <strong>Andr\u00e9s Guardado<\/strong>, confes\u00f3 que pudo haber llegado al <strong>Real Madrid<\/strong>, quien lo busc\u00f3 despu\u00e9s de un a\u00f1o que debutara y era una alternativa para suplir al brasile\u00f1o <strong>Roberto Carlos<\/strong><\/p>\n<p>El &#8216;Principito&#8217; revel\u00f3 que el contacto que tuvo con los merengues fue tras el Mundial De<strong> Alemania 2006<\/strong>, cuando todav\u00eda era jugador del<strong> Atlas<\/strong>.<\/p>\n<p style=\"text-align: center;\"><span style=\"color: #333399;\"><a href=\"https:\/\/www.futboltotal.com.mx\/2017\/09\/dos-equipos-liga-mx-dejaran-la-tv-abierta-en-2019\/\" target=\"_blank\" rel=\"noopener\">VER M\u00c1S: Dos equipos de la Liga MX dejar\u00e1n la TV abierta<\/a><\/span><\/p>\n<blockquote><p>&#8220;S\u00ed, hicieron una oferta para ir al <strong>Castilla<\/strong>. Estaban buscando al sucesor de Roberto Carlos por aquel entonces y s\u00ed, me buscaron para ir al Castilla durante seis meses y ver mi evoluci\u00f3n y si pod\u00eda, dar el salto al primer equipo. Pero bueno, en aquel momento hab\u00eda jugado un Mundial y mi equipo no cre\u00eda que debiera ir a un filial, aunque fuera el del Real Madrid&#8221;, declar\u00f3 en una entrevista para el portal de UEFA.<\/p><\/blockquote>\n<p>Finalmente esto no pudo ser y al final <strong>Marcelo<\/strong> fue quien lleg\u00f3 al Real Madrid y Guardado termin\u00f3 en el Deportivo la Coru\u00f1a.<\/p>\n<blockquote><p>&#8220;La del Deportivo fue una etapa muy bonita. Fue el equipo que apost\u00f3 por m\u00ed para venir a Europa. Estuve cinco a\u00f1os y viv\u00ed de todo. Jugamos en Europa el primer a\u00f1o, descendimos&#8230; Viv\u00ed cosas buenas, malas, irregulares, y eso me forj\u00f3 mucho como persona y como profesional. Fue como mi escuela como profesional&#8221;, a\u00f1adi\u00f3 el mexicano.<\/p>\n<p style=\"text-align: center;\"><span style=\"color: #333399;\"><a href=\"https:\/\/www.futboltotal.com.mx\/2017\/09\/barcelona-sigue-cerca-a-2-futbolistas-la-bundesliga\/\" target=\"_blank\" rel=\"noopener\">VER M\u00c1S: Barcelona sigue de cerca a estos dos jugadores de la Bundesliga<\/a><\/span><\/p>\n<\/blockquote>\n","protected":false},"excerpt":{"rendered":"<p>El Principito pudo haberse vestido de blanco<\/p>\n","protected":false},"author":20,"featured_media":500955,"comment_status":"closed","ping_status":"closed","sticky":false,"template":"","format":"standard","meta":[],"categories":[5,2198],"tags":[6319,6046,5961,217,5988],"_links":{"self":[{"href":"http:\/\/desarrollo.grupomedios.com\/futbol\/wp-json\/wp\/v2\/posts\/502381"}],"collection":[{"href":"http:\/\/desarrollo.grupomedios.com\/futbol\/wp-json\/wp\/v2\/posts"}],"about":[{"href":"http:\/\/desarrollo.grupomedios.com\/futbol\/wp-json\/wp\/v2\/types\/post"}],"author":[{"embeddable":true,"href":"http:\/\/desarrollo.grupomedios.com\/futbol\/wp-json\/wp\/v2\/users\/20"}],"replies":[{"embeddable":true,"href":"http:\/\/desarrollo.grupomedios.com\/futbol\/wp-json\/wp\/v2\/comments?post=502381"}],"version-history":[{"count":1,"href":"http:\/\/desarrollo.grupomedios.com\/futbol\/wp-json\/wp\/v2\/posts\/502381\/revisions"}],"predecessor-version":[{"id":502382,"href":"http:\/\/desarrollo.grupomedios.com\/futbol\/wp-json\/wp\/v2\/posts\/502381\/revisions\/502382"}],"wp:featuredmedia":[{"embeddable":true,"href":"http:\/\/desarrollo.grupomedios.com\/futbol\/wp-json\/wp\/v2\/media\/500955"}],"wp:attachment":[{"href":"http:\/\/desarrollo.grupomedios.com\/futbol\/wp-json\/wp\/v2\/media?parent=502381"}],"wp:term":[{"taxonomy":"category","embeddable":true,"href":"http:\/\/desarrollo.grupomedios.com\/futbol\/wp-json\/wp\/v2\/categories?post=502381"},{"taxonomy":"post_tag","embeddable":true,"href":"http:\/\/desarrollo.grupomedios.com\/futbol\/wp-json\/wp\/v2\/tags?post=502381"}],"curies":[{"name":"wp","href":"https:\/\/api.w.org\/{rel}","templated":true}]}}