{"id":502390,"date":"2017-09-30T12:49:56","date_gmt":"2017-09-30T17:49:56","guid":{"rendered":"https:\/\/www.futboltotal.com.mx\/?p=502390"},"modified":"2017-09-30T12:49:56","modified_gmt":"2017-09-30T17:49:56","slug":"hubo-penal-psg-lo-cobro-neymar-cavani","status":"publish","type":"post","link":"http:\/\/desarrollo.grupomedios.com\/futbol\/futbol-internacional\/hubo-penal-psg-lo-cobro-neymar-cavani\/2017\/09","title":{"rendered":"Hubo penal para PSG, \u00bfqui\u00e9n lo cobr\u00f3, Neymar o Cavani?"},"content":{"rendered":"<p>La paz parece llegar para el <strong>Paris Saint-Germain<\/strong>, pues tuvieron una tarde de ensue\u00f1o, goleando a su rival y limando asperezas entres sus estrellas.<\/p>\n<p>Dos semanas despu\u00e9s de la famosa pelea por un penal, el cuadro parisino se volvi\u00f3 a encontrar con la misma situaci\u00f3n y tuvieron que decidir qui\u00e9n lo cobrar\u00eda;\u00a0 <strong>Neymar<\/strong> o <strong>Edinson Cavani<\/strong>.<\/p>\n<p>Esta vez la situaci\u00f3n fue muy distinta, pues Neymar tom\u00f3 el bal\u00f3n y sin ning\u00fan reclamo cobr\u00f3 el tiro de falta y anot\u00f3 para posteriormente recibir un abrazo del uruguayo.<\/p>\n<p style=\"text-align: center;\"><span style=\"color: #333399;\"><a href=\"https:\/\/www.futboltotal.com.mx\/2017\/09\/dos-equipos-liga-mx-dejaran-la-tv-abierta-en-2019\/\" target=\"_blank\" rel=\"noopener\">VER M\u00c1S: Dos equipos de Liga MX dejar\u00e1n TV abierta<\/a><\/span><\/p>\n<p>El encuentro ante el\u00a0Bordeaux fue toda una c\u00e1tedra del ataque parisino, que antes del penal ya hab\u00eda abierto el marcador con un soberbio tiro libre de Neymar y un extraordinario gol de Cavani.<\/p>\n<p>El belga<strong>\u00a0Thomas Meunier<\/strong>, el alem\u00e1n<strong> Julian Draxler<\/strong> y\u00a0<strong> Kylian Mbapp\u00e9<\/strong> completaron la obra en favor de los parisinos.<\/p>\n<p><iframe loading=\"lazy\" src=\"https:\/\/www.youtube.com\/embed\/SMuDmAW_mb0?feature=oembed\" frameborder=\"0\" allowfullscreen><\/iframe><\/p>\n<p style=\"text-align: center;\"><span style=\"color: #333399;\"><a href=\"https:\/\/www.futboltotal.com.mx\/2017\/09\/espectaculares-disenos-camisetas-bandera\/\" target=\"_blank\" rel=\"noopener\">VER M\u00c1S: Espectaculares dise\u00f1os de camiseta-bandera<\/a><\/span><\/p>\n","protected":false},"excerpt":{"rendered":"<p>Los futbolistas tomaron una decisi\u00f3n esta vez<\/p>\n","protected":false},"author":20,"featured_media":502391,"comment_status":"closed","ping_status":"closed","sticky":false,"template":"","format":"standard","meta":[],"categories":[3839],"tags":[6037,413,6001,114],"_links":{"self":[{"href":"http:\/\/desarrollo.grupomedios.com\/futbol\/wp-json\/wp\/v2\/posts\/502390"}],"collection":[{"href":"http:\/\/desarrollo.grupomedios.com\/futbol\/wp-json\/wp\/v2\/posts"}],"about":[{"href":"http:\/\/desarrollo.grupomedios.com\/futbol\/wp-json\/wp\/v2\/types\/post"}],"author":[{"embeddable":true,"href":"http:\/\/desarrollo.grupomedios.com\/futbol\/wp-json\/wp\/v2\/users\/20"}],"replies":[{"embeddable":true,"href":"http:\/\/desarrollo.grupomedios.com\/futbol\/wp-json\/wp\/v2\/comments?post=502390"}],"version-history":[{"count":1,"href":"http:\/\/desarrollo.grupomedios.com\/futbol\/wp-json\/wp\/v2\/posts\/502390\/revisions"}],"predecessor-version":[{"id":502392,"href":"http:\/\/desarrollo.grupomedios.com\/futbol\/wp-json\/wp\/v2\/posts\/502390\/revisions\/502392"}],"wp:featuredmedia":[{"embeddable":true,"href":"http:\/\/desarrollo.grupomedios.com\/futbol\/wp-json\/wp\/v2\/media\/502391"}],"wp:attachment":[{"href":"http:\/\/desarrollo.grupomedios.com\/futbol\/wp-json\/wp\/v2\/media?parent=502390"}],"wp:term":[{"taxonomy":"category","embeddable":true,"href":"http:\/\/desarrollo.grupomedios.com\/futbol\/wp-json\/wp\/v2\/categories?post=502390"},{"taxonomy":"post_tag","embeddable":true,"href":"http:\/\/desarrollo.grupomedios.com\/futbol\/wp-json\/wp\/v2\/tags?post=502390"}],"curies":[{"name":"wp","href":"https:\/\/api.w.org\/{rel}","templated":true}]}}