{"id":502393,"date":"2017-09-30T13:38:21","date_gmt":"2017-09-30T18:38:21","guid":{"rendered":"https:\/\/www.futboltotal.com.mx\/?p=502393"},"modified":"2017-09-30T13:38:21","modified_gmt":"2017-09-30T18:38:21","slug":"cristiano-ronaldo-presume-coche-rapido-del-planeta","status":"publish","type":"post","link":"http:\/\/desarrollo.grupomedios.com\/futbol\/cambio-de-juego\/cristiano-ronaldo-presume-coche-rapido-del-planeta\/2017\/09","title":{"rendered":"Cristiano Ronaldo presume coche m\u00e1s r\u00e1pido del planeta"},"content":{"rendered":"<p><strong>Cristiano Ronaldo<\/strong>, futbolista del<strong> Real Madrid<\/strong>, mostr\u00f3 la forma en que ampli\u00f3 su colecci\u00f3n de autom\u00f3viles de lujo.<\/p>\n<p>A trav\u00e9s de Instagram, el astro portugu\u00e9s presumi\u00f3 su nuevo\u00a0<strong>Bugatti Chiron;<\/strong>\u00a0\u201cEl nuevo animal ya est\u00e1 en casa\u201d, escribi\u00f3. En el clip se puede ver junto a \u00e9l a su\u00a0hijo mayor\u00a0<strong>Cristiano Jr.<\/strong><\/p>\n<p style=\"text-align: center;\"><span style=\"color: #333399;\"><a href=\"https:\/\/www.futboltotal.com.mx\/2017\/09\/andres-guardado-confiesa-real-madrid-lo-busco\/\" target=\"_blank\" rel=\"noopener\">VER M\u00c1S: Andr\u00e9s Guardado confiesa que Real Madrid lo busc\u00f3<\/a><\/span><\/p>\n<p>El autom\u00f3vil est\u00e1 valuado en<strong> 2.5 millones de euros<\/strong> y es considerado el m\u00e1s r\u00e1pido del planeta; puede conseguir\u00a0420 kil\u00f3metros por hora, algo que el portugu\u00e9s ya sab\u00eda, pues fue contactado por la marca para probarlo en febrero pasado.<\/p>\n<p>Ronaldo tiene una gran colecci\u00f3n de autom\u00f3viles de lujo entre los que figuran:\u00a0un <strong>Lamborghini Aventator, el BMW M6, varios Mercedes, Ferraris y varios Porsches<\/strong>.<\/p>\n<blockquote class=\"instagram-media\" style=\"background: #FFF; border: 0; border-radius: 3px; box-shadow: 0 0 1px 0 rgba(0,0,0,0.5),0 1px 10px 0 rgba(0,0,0,0.15); margin: 1px; max-width: 658px; padding: 0; width: calc(100% - 2px);\" data-instgrm-captioned=\"\" data-instgrm-version=\"7\">\n<div style=\"padding: 8px;\">\n<div style=\"background: #F8F8F8; line-height: 0; margin-top: 40px; padding: 50.0% 0; text-align: center; width: 100%;\"><\/div>\n<p style=\"margin: 8px 0 0 0; padding: 0 4px;\"><a style=\"color: #000; font-family: Arial,sans-serif; font-size: 14px; font-style: normal; font-weight: normal; line-height: 17px; text-decoration: none; word-wrap: break-word;\" href=\"https:\/\/www.instagram.com\/p\/BZl9v6YFStc\/\" target=\"_blank\" rel=\"noopener\">New animal in the building Bugatti Chiron &#x1f389;&#x1f389;&#x1f389;\u270c\ufe0f&#x1f44c;\u2708\ufe0f<\/a><\/p>\n<p style=\"color: #c9c8cd; font-family: Arial,sans-serif; font-size: 14px; line-height: 17px; margin-bottom: 0; margin-top: 8px; overflow: hidden; padding: 8px 0 7px; text-align: center; text-overflow: ellipsis; white-space: nowrap;\">Una publicaci\u00f3n compartida de Cristiano Ronaldo (@cristiano) el <time style=\"font-family: Arial,sans-serif; font-size: 14px; line-height: 17px;\" datetime=\"2017-09-28T17:32:34+00:00\">28 de Sep de 2017 a la(s) 10:32 PDT<\/time><\/p>\n<\/div>\n<\/blockquote>\n<p><script async defer src=\"\/\/platform.instagram.com\/en_US\/embeds.js\"><\/script><\/p>\n<p style=\"text-align: center;\"><span style=\"color: #333399;\"><a href=\"https:\/\/www.futboltotal.com.mx\/2017\/09\/espectaculares-disenos-camisetas-bandera\/\" target=\"_blank\" rel=\"noopener\">VER M\u00c1S: Espectaculares dise\u00f1os de camisetas-bandera<\/a><\/span><\/p>\n","protected":false},"excerpt":{"rendered":"<p>El portugu\u00e9s es todo un coleccionista<\/p>\n","protected":false},"author":20,"featured_media":495964,"comment_status":"closed","ping_status":"closed","sticky":false,"template":"","format":"standard","meta":[],"categories":[5419],"tags":[6013,715,5988],"_links":{"self":[{"href":"http:\/\/desarrollo.grupomedios.com\/futbol\/wp-json\/wp\/v2\/posts\/502393"}],"collection":[{"href":"http:\/\/desarrollo.grupomedios.com\/futbol\/wp-json\/wp\/v2\/posts"}],"about":[{"href":"http:\/\/desarrollo.grupomedios.com\/futbol\/wp-json\/wp\/v2\/types\/post"}],"author":[{"embeddable":true,"href":"http:\/\/desarrollo.grupomedios.com\/futbol\/wp-json\/wp\/v2\/users\/20"}],"replies":[{"embeddable":true,"href":"http:\/\/desarrollo.grupomedios.com\/futbol\/wp-json\/wp\/v2\/comments?post=502393"}],"version-history":[{"count":1,"href":"http:\/\/desarrollo.grupomedios.com\/futbol\/wp-json\/wp\/v2\/posts\/502393\/revisions"}],"predecessor-version":[{"id":502394,"href":"http:\/\/desarrollo.grupomedios.com\/futbol\/wp-json\/wp\/v2\/posts\/502393\/revisions\/502394"}],"wp:featuredmedia":[{"embeddable":true,"href":"http:\/\/desarrollo.grupomedios.com\/futbol\/wp-json\/wp\/v2\/media\/495964"}],"wp:attachment":[{"href":"http:\/\/desarrollo.grupomedios.com\/futbol\/wp-json\/wp\/v2\/media?parent=502393"}],"wp:term":[{"taxonomy":"category","embeddable":true,"href":"http:\/\/desarrollo.grupomedios.com\/futbol\/wp-json\/wp\/v2\/categories?post=502393"},{"taxonomy":"post_tag","embeddable":true,"href":"http:\/\/desarrollo.grupomedios.com\/futbol\/wp-json\/wp\/v2\/tags?post=502393"}],"curies":[{"name":"wp","href":"https:\/\/api.w.org\/{rel}","templated":true}]}}