{"id":502408,"date":"2017-09-30T14:46:34","date_gmt":"2017-09-30T19:46:34","guid":{"rendered":"https:\/\/www.futboltotal.com.mx\/?p=502408"},"modified":"2017-09-30T14:46:34","modified_gmt":"2017-09-30T19:46:34","slug":"video-avalancha-causa-tragedia-en-futbol-francia","status":"publish","type":"post","link":"http:\/\/desarrollo.grupomedios.com\/futbol\/futbol-internacional\/video-avalancha-causa-tragedia-en-futbol-francia\/2017\/09","title":{"rendered":"Video. Avalancha causa tragedia en el futbol de Francia"},"content":{"rendered":"<p>El encuentro entre el <strong>Amiens<\/strong> y el <strong>Lille<\/strong> de <strong>Marcelo Bielsa<\/strong>, de la octava jornada de la <strong>Liga de Francia<\/strong> de f\u00fatbol, ha sido suspendido por la avalancha de aficionados en uno de los fondos del estadio de la Licorne, que caus\u00f3 el derrumbe de una valla y 18 heridos, tres de ellos graves.<\/p>\n<p>Seg\u00fan los medios franceses, este balance provisional fue realizado por los bomberos.<\/p>\n<p>Pasado el cuarto de hora de partido, el gol de Ballo Toure, que pon\u00eda por delante a los visitantes, propici\u00f3 la agitaci\u00f3n en la zona en la que estaban ubicados los seguidores del Lille, que caus\u00f3 la precipitaci\u00f3n de la verja.<\/p>\n<p style=\"text-align: center;\"><span style=\"color: #333399;\"><a href=\"https:\/\/www.futboltotal.com.mx\/2017\/09\/hubo-penal-psg-lo-cobro-neymar-cavani\/\">VER M\u00c1S:\u00a0<span class=\"item-title\">Hubo penal para PSG, \u00bfqui\u00e9n lo cobr\u00f3, Neymar o Cavani?<\/span><\/a><\/span><\/p>\n<p style=\"text-align: left;\">La mayor\u00eda de los aficionados regres\u00f3 a la tribuna, pero otros quedaron en el suelo. Los servicios m\u00e9dicos trasladaron en camilla a los afectados.<\/p>\n<p>Seg\u00fan el canal Bein Sports, se decidi\u00f3 suspender el partido por este incidente, despu\u00e9s de que el \u00e1rbitro Thomas Leonard decretase una interrupci\u00f3n.<\/p>\n<blockquote class=\"twitter-video\" data-lang=\"es\">\n<p dir=\"ltr\" lang=\"en\">SHOCKING: The away end collapses as Lille fans celebrate their goal against Amiens.<br \/>\nMatch abandoned. <a href=\"https:\/\/t.co\/MqH8U6IGEm\">pic.twitter.com\/MqH8U6IGEm<\/a><\/p>\n<p>\u2014 France Football &#x1f1eb;&#x1f1f7; (@FrenchFutbol) <a href=\"https:\/\/twitter.com\/FrenchFutbol\/status\/914206877143072768?ref_src=twsrc%5Etfw\">30 de septiembre de 2017<\/a><\/p><\/blockquote>\n<p><script async src=\"\/\/platform.twitter.com\/widgets.js\" charset=\"utf-8\"><\/script><\/p>\n","protected":false},"excerpt":{"rendered":"<p>18 heridos provoc\u00f3 la ca\u00edda de una valla, y la suspensi\u00f3n del juego Amiens-Lille<\/p>\n","protected":false},"author":144,"featured_media":502411,"comment_status":"closed","ping_status":"closed","sticky":false,"template":"","format":"standard","meta":[],"categories":[3839,9609],"tags":[10408,10409,582],"_links":{"self":[{"href":"http:\/\/desarrollo.grupomedios.com\/futbol\/wp-json\/wp\/v2\/posts\/502408"}],"collection":[{"href":"http:\/\/desarrollo.grupomedios.com\/futbol\/wp-json\/wp\/v2\/posts"}],"about":[{"href":"http:\/\/desarrollo.grupomedios.com\/futbol\/wp-json\/wp\/v2\/types\/post"}],"author":[{"embeddable":true,"href":"http:\/\/desarrollo.grupomedios.com\/futbol\/wp-json\/wp\/v2\/users\/144"}],"replies":[{"embeddable":true,"href":"http:\/\/desarrollo.grupomedios.com\/futbol\/wp-json\/wp\/v2\/comments?post=502408"}],"version-history":[{"count":1,"href":"http:\/\/desarrollo.grupomedios.com\/futbol\/wp-json\/wp\/v2\/posts\/502408\/revisions"}],"predecessor-version":[{"id":502412,"href":"http:\/\/desarrollo.grupomedios.com\/futbol\/wp-json\/wp\/v2\/posts\/502408\/revisions\/502412"}],"wp:featuredmedia":[{"embeddable":true,"href":"http:\/\/desarrollo.grupomedios.com\/futbol\/wp-json\/wp\/v2\/media\/502411"}],"wp:attachment":[{"href":"http:\/\/desarrollo.grupomedios.com\/futbol\/wp-json\/wp\/v2\/media?parent=502408"}],"wp:term":[{"taxonomy":"category","embeddable":true,"href":"http:\/\/desarrollo.grupomedios.com\/futbol\/wp-json\/wp\/v2\/categories?post=502408"},{"taxonomy":"post_tag","embeddable":true,"href":"http:\/\/desarrollo.grupomedios.com\/futbol\/wp-json\/wp\/v2\/tags?post=502408"}],"curies":[{"name":"wp","href":"https:\/\/api.w.org\/{rel}","templated":true}]}}