{"id":502422,"date":"2017-09-30T16:04:18","date_gmt":"2017-09-30T21:04:18","guid":{"rendered":"https:\/\/www.futboltotal.com.mx\/?p=502422"},"modified":"2017-09-30T16:04:18","modified_gmt":"2017-09-30T21:04:18","slug":"cecilio-dominguez-expulsado-america-sub-20","status":"publish","type":"post","link":"http:\/\/desarrollo.grupomedios.com\/futbol\/futbol-mexicano\/cecilio-dominguez-expulsado-america-sub-20\/2017\/09","title":{"rendered":"Cecilio Dom\u00ednguez es expulsado con Am\u00e9rica&#8230; sub-20"},"content":{"rendered":"<p>El paraguayo del <strong>Am\u00e9rica<\/strong>,\u00a0<strong>Cecilio Dom\u00ednguez<\/strong> , la est\u00e1 pasando muy mal con Am\u00e9rica y es que adem\u00e1s de estar borrado por <strong>Miguel Herrera<\/strong>, ahora fue expulsado con la sub-20<\/p>\n<p>A pesar que el &#8217;10&#8217; azulcrema comenz\u00f3 bien el torneo, siendo protagonista ante <strong>Pachuca y Pumas<\/strong>, en las \u00faltimas jornadas se ha visto apagado y apartado por el estratega. Desde el <strong>5 de agosto<\/strong> no anota con las \u00c1guilas.<\/p>\n<p>En el \u00faltimo encuentro ante <strong>Le\u00f3n<\/strong>, Miguel Herrera lo meti\u00f3 de cambio en la primera parte, pero en el segundo tiempo lo volvi\u00f3 a sentar en el banquillo.<\/p>\n<p style=\"text-align: center;\"><span style=\"color: #333399;\"><a href=\"https:\/\/www.futboltotal.com.mx\/2017\/09\/andres-guardado-confiesa-real-madrid-lo-busco\/\" target=\"_blank\" rel=\"noopener\">VER M\u00c1S: Andr\u00e9s Guardado confiesa que Real Madrid lo busc\u00f3<\/a><\/span><\/p>\n<p>Para el duelo ante <strong>Toluca<\/strong> lo dej\u00f3 fuera de la convocatoria y por ello, tuvo que jugar con la sub-20; sin embargo, transport\u00f3 su mal momento con los &#8216;chavos&#8217; pues vio la tarjeta roja al minuto 43.<\/p>\n<p>No debe pagar la sanci\u00f3n en la <strong>Liga MX<\/strong>, as\u00ed que si el Piojo decide llevarlo, podr\u00eda jugar ante <strong>Cruz Azul<\/strong>.<\/p>\n<p><a href=\"https:\/\/www.futboltotal.com.mx\/wp-content\/uploads\/2017\/09\/ceci-expulsion.jpg\"><img decoding=\"async\" loading=\"lazy\" class=\"alignnone size-full wp-image-502425\" src=\"https:\/\/www.futboltotal.com.mx\/wp-content\/uploads\/2017\/09\/ceci-expulsion.jpg\" alt=\"Cecilio Dom\u00ednguez es expulsado con Am\u00e9rica&#8230; sub-20 0\" srcset=\"http:\/\/desarrollo.grupomedios.com\/futbol\/wp-content\/uploads\/2017\/09\/ceci-expulsion.jpg 1024w, http:\/\/desarrollo.grupomedios.com\/futbol\/wp-content\/uploads\/2017\/09\/ceci-expulsion-300x104.jpg 300w, http:\/\/desarrollo.grupomedios.com\/futbol\/wp-content\/uploads\/2017\/09\/ceci-expulsion-768x266.jpg 768w\" sizes=\"(max-width: 1024px) 100vw, 1024px\" \/><\/a><\/p>\n<p style=\"text-align: center;\"><span style=\"color: #333399;\"><a href=\"https:\/\/www.futboltotal.com.mx\/2017\/09\/dos-equipos-liga-mx-dejaran-la-tv-abierta-en-2019\/\" target=\"_blank\" rel=\"noopener\">VER M\u00c1S: Dos equipos de Liga MX dejar\u00e1n la TV abierta<\/a><\/span><\/p>\n<p>&nbsp;<\/p>\n<p>&nbsp;<\/p>\n","protected":false},"excerpt":{"rendered":"<p>El paraguayo est\u00e1 viviendo un mal momento en Coapa<\/p>\n","protected":false},"author":20,"featured_media":461250,"comment_status":"closed","ping_status":"closed","sticky":false,"template":"","format":"standard","meta":[],"categories":[2198,9628],"tags":[5959,8357,7881,64],"_links":{"self":[{"href":"http:\/\/desarrollo.grupomedios.com\/futbol\/wp-json\/wp\/v2\/posts\/502422"}],"collection":[{"href":"http:\/\/desarrollo.grupomedios.com\/futbol\/wp-json\/wp\/v2\/posts"}],"about":[{"href":"http:\/\/desarrollo.grupomedios.com\/futbol\/wp-json\/wp\/v2\/types\/post"}],"author":[{"embeddable":true,"href":"http:\/\/desarrollo.grupomedios.com\/futbol\/wp-json\/wp\/v2\/users\/20"}],"replies":[{"embeddable":true,"href":"http:\/\/desarrollo.grupomedios.com\/futbol\/wp-json\/wp\/v2\/comments?post=502422"}],"version-history":[{"count":1,"href":"http:\/\/desarrollo.grupomedios.com\/futbol\/wp-json\/wp\/v2\/posts\/502422\/revisions"}],"predecessor-version":[{"id":502427,"href":"http:\/\/desarrollo.grupomedios.com\/futbol\/wp-json\/wp\/v2\/posts\/502422\/revisions\/502427"}],"wp:featuredmedia":[{"embeddable":true,"href":"http:\/\/desarrollo.grupomedios.com\/futbol\/wp-json\/wp\/v2\/media\/461250"}],"wp:attachment":[{"href":"http:\/\/desarrollo.grupomedios.com\/futbol\/wp-json\/wp\/v2\/media?parent=502422"}],"wp:term":[{"taxonomy":"category","embeddable":true,"href":"http:\/\/desarrollo.grupomedios.com\/futbol\/wp-json\/wp\/v2\/categories?post=502422"},{"taxonomy":"post_tag","embeddable":true,"href":"http:\/\/desarrollo.grupomedios.com\/futbol\/wp-json\/wp\/v2\/tags?post=502422"}],"curies":[{"name":"wp","href":"https:\/\/api.w.org\/{rel}","templated":true}]}}