{"id":502446,"date":"2017-09-30T18:14:19","date_gmt":"2017-09-30T23:14:19","guid":{"rendered":"https:\/\/www.futboltotal.com.mx\/?p=502446"},"modified":"2017-09-30T18:14:19","modified_gmt":"2017-09-30T23:14:19","slug":"lobos-buap-acusa-trampa-en-firma-derechos-del-tri","status":"publish","type":"post","link":"http:\/\/desarrollo.grupomedios.com\/futbol\/futbol-mexicano\/lobos-buap-acusa-trampa-en-firma-derechos-del-tri\/2017\/09","title":{"rendered":"Lobos BUAP acusa &#8216;trampa&#8217; en firma de derechos del Tri"},"content":{"rendered":"<p>Alfonso Esparza, rector de la <strong>BUAP<\/strong>, calific\u00f3 de poco leal la forma en c\u00f3mo se desarrollaron los hechos para la firma de los derechos de transmisi\u00f3n del Tri con <em>Televisa<\/em>.<\/p>\n<p>Esparza, quien fue el representante del equipo en la junta de la <strong>Liga MX<\/strong>, afirm\u00f3 que los estatutos de c\u00f3mo se iban a dar los lineamientos para la nueva firma se les dieron s\u00f3lo un d\u00eda antes de que emitieran su voto.<\/p>\n<p style=\"text-align: center;\"><span style=\"color: #333399;\"><a href=\"https:\/\/www.futboltotal.com.mx\/2017\/09\/tri-cobrara-entrada-a-entrenamiento-donar-a-victimas\/\">VER M\u00c1S:\u00a0<span class=\"item-title\">Tri cobrar\u00e1 entrada a entrenamiento para donar a v\u00edctimas<\/span><\/a><\/span><\/p>\n<p>El rector de la BUAP explic\u00f3 que Lobos dio su voto en contra debido a que &#8220;no existieron los elementos para dar una votaci\u00f3n razonada. Tuvimos acceso al contrato un d\u00eda antes y eso pas\u00f3 porque las personas que fueron presidentas de la junta tambi\u00e9n pudieron acceder en este tiempo&#8221;.<\/p>\n<p>Alfonso Esparza sentenci\u00f3 que los equipos que est\u00e1n en desacuerdo deber\u00edan mostrar su molestia por c\u00f3mo se dieron las negociaciones con la Federaci\u00f3n Mexicana de Futbol.<\/p>\n<p style=\"text-align: center;\"><span style=\"color: #333399;\"><a href=\"https:\/\/www.futboltotal.com.mx\/2017\/09\/cecilio-dominguez-expulsado-america-sub-20\/\">VER M\u00c1S:\u00a0<span class=\"item-title\">Cecilio Dom\u00ednguez es expulsado con Am\u00e9rica\u2026 sub-20<\/span><\/a><\/span><\/p>\n","protected":false},"excerpt":{"rendered":"<p>El r\u00e9ctor de la BUAP, Alfonso Esparza, se\u00f1al\u00f3 que las cosas se hicieron con irregularidad<\/p>\n","protected":false},"author":20,"featured_media":502448,"comment_status":"closed","ping_status":"closed","sticky":false,"template":"","format":"standard","meta":[],"categories":[2198,3845],"tags":[10412,431],"_links":{"self":[{"href":"http:\/\/desarrollo.grupomedios.com\/futbol\/wp-json\/wp\/v2\/posts\/502446"}],"collection":[{"href":"http:\/\/desarrollo.grupomedios.com\/futbol\/wp-json\/wp\/v2\/posts"}],"about":[{"href":"http:\/\/desarrollo.grupomedios.com\/futbol\/wp-json\/wp\/v2\/types\/post"}],"author":[{"embeddable":true,"href":"http:\/\/desarrollo.grupomedios.com\/futbol\/wp-json\/wp\/v2\/users\/20"}],"replies":[{"embeddable":true,"href":"http:\/\/desarrollo.grupomedios.com\/futbol\/wp-json\/wp\/v2\/comments?post=502446"}],"version-history":[{"count":1,"href":"http:\/\/desarrollo.grupomedios.com\/futbol\/wp-json\/wp\/v2\/posts\/502446\/revisions"}],"predecessor-version":[{"id":502449,"href":"http:\/\/desarrollo.grupomedios.com\/futbol\/wp-json\/wp\/v2\/posts\/502446\/revisions\/502449"}],"wp:featuredmedia":[{"embeddable":true,"href":"http:\/\/desarrollo.grupomedios.com\/futbol\/wp-json\/wp\/v2\/media\/502448"}],"wp:attachment":[{"href":"http:\/\/desarrollo.grupomedios.com\/futbol\/wp-json\/wp\/v2\/media?parent=502446"}],"wp:term":[{"taxonomy":"category","embeddable":true,"href":"http:\/\/desarrollo.grupomedios.com\/futbol\/wp-json\/wp\/v2\/categories?post=502446"},{"taxonomy":"post_tag","embeddable":true,"href":"http:\/\/desarrollo.grupomedios.com\/futbol\/wp-json\/wp\/v2\/tags?post=502446"}],"curies":[{"name":"wp","href":"https:\/\/api.w.org\/{rel}","templated":true}]}}