{"id":502516,"date":"2017-10-01T08:40:43","date_gmt":"2017-10-01T13:40:43","guid":{"rendered":"https:\/\/www.futboltotal.com.mx\/?p=502516"},"modified":"2017-10-01T09:01:35","modified_gmt":"2017-10-01T14:01:35","slug":"barcelona-vs-las-palmas-a-puerta-cerrada-tension-en-cataluna","status":"publish","type":"post","link":"http:\/\/desarrollo.grupomedios.com\/futbol\/futbol-internacional\/barcelona-vs-las-palmas-a-puerta-cerrada-tension-en-cataluna\/2017\/10","title":{"rendered":"Barcelona vs Las Palmas, a puerta cerrada por tensi\u00f3n en Catalu\u00f1a"},"content":{"rendered":"<p>A casi una hora de iniciarse el partido en el <strong>Camp Nou<\/strong> entre el <strong>Barcelona<\/strong> y <strong>Las Palmas<\/strong>, el club catal\u00e1n a\u00fan no se hab\u00eda pronunciado acerca de si el choque se suspender\u00e1 debido a los momentos de tensi\u00f3n que hay en <strong>Catalu\u00f1a<\/strong> el mismo d\u00eda en que llevan a cabo la jornada del <strong>refer\u00e9ndum<\/strong>, aunque finalmente el partido se jugar\u00e1 a puerta cerrada.<\/p>\n<p>En ese momento, el Camp Nou segu\u00eda cerrado a los aficionados, mientras que los jugadores del equipo canario han saltado al c\u00e9sped, pero la directiva barcelonista inform\u00f3 en redes sociales la medida de precauci\u00f3n.<\/p>\n<p>&nbsp;<\/p>\n<blockquote class=\"twitter-tweet\" data-lang=\"es\">\n<p dir=\"ltr\" lang=\"und\"><a href=\"https:\/\/t.co\/jL7OypklCW\">pic.twitter.com\/jL7OypklCW<\/a><\/p>\n<p>\u2014 FC Barcelona (@FCBarcelona) <a href=\"https:\/\/twitter.com\/FCBarcelona\/status\/914487515654103041?ref_src=twsrc%5Etfw\">1 de octubre de 2017<\/a><\/p><\/blockquote>\n<p><script async src=\"\/\/platform.twitter.com\/widgets.js\" charset=\"utf-8\"><\/script><\/p>\n<p>La <strong>Real Federaci\u00f3n Espa\u00f1ola de F\u00fatbol<\/strong> (<strong>RFEF<\/strong>) no ten\u00eda intenci\u00f3n de suspender el partido, y\u00a0se gui\u00f3 por el informe del \u00e1rbitro, el andaluz Jos\u00e9 Luis Munuera Montero que es favorable a la disputa del encuentro, dictamen positivo que molest\u00f3 a la directiva y jugadores del Barcelona.<\/p>\n<p>Estas medidas se tomaron despu\u00e9s de saber que la grada de animaci\u00f3n del Fondo Norte, impulsada por el propio club, envi\u00f3 un comunicado amenazando de que en el caso de que se dispute el partido habr\u00e1 invasi\u00f3n de campo.<\/p>\n<p style=\"text-align: center;\"><a href=\"https:\/\/www.futboltotal.com.mx\/2017\/10\/partidazo-guardado-ante-vela-betis-real-sociedad-empatan-a-4\/\" target=\"_blank\" rel=\"noopener\"><span style=\"color: #333399;\">VER M\u00c1S: Partidazo de Guardado ante Vela, Betis y Real Sociedad empatan a 4<\/span><\/a><\/p>\n<p>&#8220;Ante la indignante represi\u00f3n que est\u00e1 sufriendo el pueblo catal\u00e1n, pedimos al FC Barcelona que suspenda el partido. En caso de no lo haga, lo haremos nosotros. Hoy no se juega. Es por esto que hacemos un llamamiento al barcelonismo que vaya al Camp Nou y salte al campo del estadio en el minuto 1&#8221;, reza parte del comunicado.<\/p>\n","protected":false},"excerpt":{"rendered":"<p>La jornada de refer\u00e9ndum que se realiza en Catalu\u00f1a influye en el futbol espa\u00f1ol.<\/p>\n","protected":false},"author":144,"featured_media":502518,"comment_status":"closed","ping_status":"closed","sticky":false,"template":"","format":"standard","meta":[],"categories":[3839],"tags":[5984,1813,2309,4465,10414],"_links":{"self":[{"href":"http:\/\/desarrollo.grupomedios.com\/futbol\/wp-json\/wp\/v2\/posts\/502516"}],"collection":[{"href":"http:\/\/desarrollo.grupomedios.com\/futbol\/wp-json\/wp\/v2\/posts"}],"about":[{"href":"http:\/\/desarrollo.grupomedios.com\/futbol\/wp-json\/wp\/v2\/types\/post"}],"author":[{"embeddable":true,"href":"http:\/\/desarrollo.grupomedios.com\/futbol\/wp-json\/wp\/v2\/users\/144"}],"replies":[{"embeddable":true,"href":"http:\/\/desarrollo.grupomedios.com\/futbol\/wp-json\/wp\/v2\/comments?post=502516"}],"version-history":[{"count":1,"href":"http:\/\/desarrollo.grupomedios.com\/futbol\/wp-json\/wp\/v2\/posts\/502516\/revisions"}],"predecessor-version":[{"id":502519,"href":"http:\/\/desarrollo.grupomedios.com\/futbol\/wp-json\/wp\/v2\/posts\/502516\/revisions\/502519"}],"wp:featuredmedia":[{"embeddable":true,"href":"http:\/\/desarrollo.grupomedios.com\/futbol\/wp-json\/wp\/v2\/media\/502518"}],"wp:attachment":[{"href":"http:\/\/desarrollo.grupomedios.com\/futbol\/wp-json\/wp\/v2\/media?parent=502516"}],"wp:term":[{"taxonomy":"category","embeddable":true,"href":"http:\/\/desarrollo.grupomedios.com\/futbol\/wp-json\/wp\/v2\/categories?post=502516"},{"taxonomy":"post_tag","embeddable":true,"href":"http:\/\/desarrollo.grupomedios.com\/futbol\/wp-json\/wp\/v2\/tags?post=502516"}],"curies":[{"name":"wp","href":"https:\/\/api.w.org\/{rel}","templated":true}]}}