{"id":502522,"date":"2017-10-01T09:15:35","date_gmt":"2017-10-01T14:15:35","guid":{"rendered":"https:\/\/www.futboltotal.com.mx\/?p=502522"},"modified":"2017-10-01T09:15:35","modified_gmt":"2017-10-01T14:15:35","slug":"cristiano-ronaldo-mejor-exponente-del-adn-madridista","status":"publish","type":"post","link":"http:\/\/desarrollo.grupomedios.com\/futbol\/futbol-internacional\/cristiano-ronaldo-mejor-exponente-del-adn-madridista\/2017\/10","title":{"rendered":"&#8220;Cristiano Ronaldo es el mejor exponente del ADN madridista&#8221;"},"content":{"rendered":"<div id=\"texto\" class=\"texto_txt\">\n<div class=\"DETALLE_N_texto \">\n<p><span id=\"ctl14_lblMostra\"><strong>Florentino P\u00e9rez<\/strong>, presidente del <strong>Real Madrid<\/strong>, destac\u00f3 en la parte deportiva de su discurso en la Asamblea General Ordinaria del club la figura de <strong>Cristiano Ronaldo<\/strong>, al que se\u00f1al\u00f3 como &#8220;el mejor exponente del ADN madridista&#8221; y de <strong>Zinedine Zidane<\/strong> &#8220;figura determinante en la historia reciente del club&#8221;.<\/p>\n<p>El inicio del discurso de Florentino P\u00e9rez destac\u00f3 los t\u00edtulos conseguidos en una temporada hist\u00f3rica del Real Madrid. &#8220;En estos tiempos que corren, con rivales con gran poder econ\u00f3mico, debemos poner en valor los logros espectaculares logrados. Somos los primeros que ganamos tres Champions en cuatro a\u00f1os y seguimos liderando el r\u00e1nking UEFA&#8221;.<\/p>\n<p>&#8220;El hambre de t\u00edtulos es insaciable, acabamos de empezar con logros que son el punto de partida para nuevos retos. Hemos ganado la Supercopa de Europa, el primero que consigue dos consecutivas en la era Champions, m\u00e1s la Supercopa de Espa\u00f1a con dos partidos espectaculares ante el Barcelona gracias al talento y los valores de una plantilla excepcional con los mejores jugadores del mundo, los nacionales y lo mejor de la cantera&#8221;, se\u00f1al\u00f3.<\/span><\/p>\n<p style=\"text-align: center;\"><span id=\"ctl14_lblMostra\"><a href=\"https:\/\/www.futboltotal.com.mx\/2017\/10\/partidazo-guardado-ante-vela-betis-real-sociedad-empatan-a-4\/\" target=\"_blank\" rel=\"noopener\"><span style=\"color: #333399;\">VER M\u00c1S: Partidazo de Guardado ante Vela; Betis y Real Sociedad empatan a 4<\/span><\/a><\/span><\/p>\n<p><span id=\"ctl14_lblMostra\">Fue cuando destac\u00f3 figuras como Zidane o Cristiano Ronaldo como grandes referentes. &#8220;Forman parte de nuestra leyenda con el mejor entrenador del mundo, un s\u00edmbolo del madridismo como Zidane&#8221;, dijo ante los primeros aplausos del foro.<\/p>\n<p>&#8220;Para todos representa lo que es el Real Madrid. Fue determinante en la historia reciente del club como jugador y ahora como entrenador por su capacidad de gesti\u00f3n de grupo, de conocimiento, trabajo y profesionalidad. Lidera a unos jugadores \u00fanicos que marcan una \u00e9poca inolvidable&#8221;, a\u00f1adi\u00f3.<\/p>\n<p>Florentino P\u00e9rez presumi\u00f3 de tener al mejor entrenador del mundo y al mejor futbolista. &#8220;Tenemos una plantilla de la que nos tenemos que sentir orgullosos porque tiene al mejor jugador del mundo, a Cristiano Ronaldo, el m\u00e1ximo goleador de la historia del Real Madrid que ha jugado 400 partidos y ha marcado 412 goles. Sigue batiendo todos los r\u00e9cords porque es el mejor exponente del ADN madridista con talento y ambici\u00f3n para conseguir lo m\u00e1ximo posible&#8221;.<\/p>\n<p>El m\u00e1ximo mandatario madridista destac\u00f3 la presencia de ocho jugadores en el equipo ideal de la Liga de Campeones, &#8220;liderada por el ya m\u00edtico capit\u00e1n Sergio Ramos, el mejor defensa de Europa que ya ha superado 500 partidos con la camiseta del Real Madrid&#8221;.<\/p>\n<p>&#8220;Este equipo ha igualado el r\u00e9cord del Santos de Pel\u00e9 con 73 partidos consecutivos marcando, pero queremos m\u00e1s porque as\u00ed es nuestra cultura para seguir agigantando este mito. Nos hemos reforzado con jugadores j\u00f3venes que han demostrado su calidad en Ligas como Espa\u00f1a y Alemania como Theo, Ceballos y Vallejo; hemos recuperado a Marcos Llorente y Mayoral que llegan con ganas de triunfar en el primer equipo como los canteranos Luca y Achraf&#8221;.<\/p>\n<p>Sobre las prestaciones de la cantera, Florentino P\u00e9rez la defini\u00f3 como &#8220;la mejor del mundo&#8221;, un &#8220;ejemplo de formaci\u00f3n de vida y valores&#8221; aportando n\u00fameros como los 45 jugadores de Primera formados en la cantera blanca, 63 en ligas internacionales, 38 en Segunda, que hacen un total de 146 canteranos en ligas profesionales de todo el mundo. Muchos son cedidos como Odegaard, Valverde, Sergio D\u00edaz, Febas o Vinicius, a los que destac\u00f3.<\/p>\n<p>Del trabajo de base, con la formaci\u00f3n de 264 jugadores distribuidos en trece equipos, destac\u00f3 el presidente del Real Madrid el trabajo de Jos\u00e9 Mar\u00eda Guti\u00e9rrez &#8216;Guti&#8217;. &#8220;Ha sido una hist\u00f3rica temporada del Juvenil A dirigido por Guti que conquist\u00f3 por primera vez la liga, Copa del Campeones y Copa del Rey&#8221;.\u00a0<\/span><\/p>\n<\/div>\n<\/div>\n","protected":false},"excerpt":{"rendered":"<p>Florentino P\u00e9rez, presidente del Real Madrid, destac\u00f3 la presencia de CR7 en el club.<\/p>\n","protected":false},"author":144,"featured_media":495964,"comment_status":"closed","ping_status":"closed","sticky":false,"template":"","format":"standard","meta":[],"categories":[3839],"tags":[6013,491,5988],"_links":{"self":[{"href":"http:\/\/desarrollo.grupomedios.com\/futbol\/wp-json\/wp\/v2\/posts\/502522"}],"collection":[{"href":"http:\/\/desarrollo.grupomedios.com\/futbol\/wp-json\/wp\/v2\/posts"}],"about":[{"href":"http:\/\/desarrollo.grupomedios.com\/futbol\/wp-json\/wp\/v2\/types\/post"}],"author":[{"embeddable":true,"href":"http:\/\/desarrollo.grupomedios.com\/futbol\/wp-json\/wp\/v2\/users\/144"}],"replies":[{"embeddable":true,"href":"http:\/\/desarrollo.grupomedios.com\/futbol\/wp-json\/wp\/v2\/comments?post=502522"}],"version-history":[{"count":1,"href":"http:\/\/desarrollo.grupomedios.com\/futbol\/wp-json\/wp\/v2\/posts\/502522\/revisions"}],"predecessor-version":[{"id":502523,"href":"http:\/\/desarrollo.grupomedios.com\/futbol\/wp-json\/wp\/v2\/posts\/502522\/revisions\/502523"}],"wp:featuredmedia":[{"embeddable":true,"href":"http:\/\/desarrollo.grupomedios.com\/futbol\/wp-json\/wp\/v2\/media\/495964"}],"wp:attachment":[{"href":"http:\/\/desarrollo.grupomedios.com\/futbol\/wp-json\/wp\/v2\/media?parent=502522"}],"wp:term":[{"taxonomy":"category","embeddable":true,"href":"http:\/\/desarrollo.grupomedios.com\/futbol\/wp-json\/wp\/v2\/categories?post=502522"},{"taxonomy":"post_tag","embeddable":true,"href":"http:\/\/desarrollo.grupomedios.com\/futbol\/wp-json\/wp\/v2\/tags?post=502522"}],"curies":[{"name":"wp","href":"https:\/\/api.w.org\/{rel}","templated":true}]}}