{"id":502548,"date":"2017-10-01T12:20:59","date_gmt":"2017-10-01T17:20:59","guid":{"rendered":"https:\/\/www.futboltotal.com.mx\/?p=502548"},"modified":"2017-10-01T13:28:37","modified_gmt":"2017-10-01T18:28:37","slug":"chivas-anuncia-reporte-medico-alan-pulido","status":"publish","type":"post","link":"http:\/\/desarrollo.grupomedios.com\/futbol\/futbol-mexicano\/chivas-anuncia-reporte-medico-alan-pulido\/2017\/10","title":{"rendered":"Chivas anuncia reporte m\u00e9dico de Alan Pulido"},"content":{"rendered":"<p><strong>Chivas<\/strong> ha anunciado el reporte m\u00e9dico de <strong>Alan Pulido<\/strong> luego de la lesi\u00f3n que sufri\u00f3 tras una entrada de Hugo Ayala durante el <span style=\"color: #3366ff;\"><a href=\"https:\/\/www.futboltotal.com.mx\/2017\/09\/cronica-resultados-tigres-1-0-chivas-apertura-2017-liga-mx\/\" target=\"_blank\" rel=\"noopener\">partido entre Tigres y Chivas<\/a><\/span>.<\/p>\n<p>A trav\u00e9s de un comunicado, el <em>Reba\u00f1o Sagrado<\/em> inform\u00f3 que <strong>Pulido<\/strong> no sufri\u00f3 fractura en el quinto metatarsiano del pie izquierdo como originalmente se hab\u00eda pensado.<\/p>\n<p>\u201cSe le realiz\u00f3 un estudio de imagen al terminar el partido y radiol\u00f3gicamente no presenta una fractura, en 48 horas se le realizar\u00e1 una segunda valoraci\u00f3n para corroborar el estado de la zona referida\u201d, explic\u00f3 <strong>Chivas<\/strong> a trav\u00e9s de un bolet\u00edn.<\/p>\n<p style=\"text-align: center;\"><span style=\"color: #3366ff;\"><a href=\"https:\/\/www.futboltotal.com.mx\/2017\/10\/estados-unidos-buscara-pase-al-mundial-tres-mexicanos\/\">VER M\u00c1S: Estados Unidos buscar\u00e1 pase al Mundial con tres \u2018mexicanos\u2019<\/a><\/span><\/p>\n<p>https:\/\/twitter.com\/Chivas\/status\/914358124198400000<\/p>\n<p><strong>Pulido<\/strong> fue revisado en el Doctors Hospital en Monterrey, donde se determin\u00f3 que solo sufri\u00f3 una contusi\u00f3n.<\/p>\n<p>El delantero de <strong>Chivas<\/strong> se vio obligado a salir de cambio al minuto 47\u2019 por una falta que recibi\u00f3 por parte de Hugo Ayala, por lo que al t\u00e9rmino del duelo fue sometido a ex\u00e1menes radiol\u00f3gicos.<\/p>\n<p style=\"text-align: center;\"><span style=\"color: #3366ff;\"><a href=\"https:\/\/www.futboltotal.com.mx\/2017\/10\/pulido-tundio-a-eduardo-vargas-y-lo-llamo-poco-profesional\/\">VER M\u00c1S: Pulido tundi\u00f3 a Eduardo Vargas y lo llam\u00f3 \u201cpoco profesional\u201d<\/a><\/span><\/p>\n","protected":false},"excerpt":{"rendered":"<p>El jugador del Reba\u00f1o tuvo que salir de cambio.<\/p>\n","protected":false},"author":20,"featured_media":498586,"comment_status":"closed","ping_status":"closed","sticky":false,"template":"","format":"standard","meta":[],"categories":[2198,3845],"tags":[1607,70,64],"_links":{"self":[{"href":"http:\/\/desarrollo.grupomedios.com\/futbol\/wp-json\/wp\/v2\/posts\/502548"}],"collection":[{"href":"http:\/\/desarrollo.grupomedios.com\/futbol\/wp-json\/wp\/v2\/posts"}],"about":[{"href":"http:\/\/desarrollo.grupomedios.com\/futbol\/wp-json\/wp\/v2\/types\/post"}],"author":[{"embeddable":true,"href":"http:\/\/desarrollo.grupomedios.com\/futbol\/wp-json\/wp\/v2\/users\/20"}],"replies":[{"embeddable":true,"href":"http:\/\/desarrollo.grupomedios.com\/futbol\/wp-json\/wp\/v2\/comments?post=502548"}],"version-history":[{"count":1,"href":"http:\/\/desarrollo.grupomedios.com\/futbol\/wp-json\/wp\/v2\/posts\/502548\/revisions"}],"predecessor-version":[{"id":502549,"href":"http:\/\/desarrollo.grupomedios.com\/futbol\/wp-json\/wp\/v2\/posts\/502548\/revisions\/502549"}],"wp:featuredmedia":[{"embeddable":true,"href":"http:\/\/desarrollo.grupomedios.com\/futbol\/wp-json\/wp\/v2\/media\/498586"}],"wp:attachment":[{"href":"http:\/\/desarrollo.grupomedios.com\/futbol\/wp-json\/wp\/v2\/media?parent=502548"}],"wp:term":[{"taxonomy":"category","embeddable":true,"href":"http:\/\/desarrollo.grupomedios.com\/futbol\/wp-json\/wp\/v2\/categories?post=502548"},{"taxonomy":"post_tag","embeddable":true,"href":"http:\/\/desarrollo.grupomedios.com\/futbol\/wp-json\/wp\/v2\/tags?post=502548"}],"curies":[{"name":"wp","href":"https:\/\/api.w.org\/{rel}","templated":true}]}}