{"id":502550,"date":"2017-10-01T12:15:41","date_gmt":"2017-10-01T17:15:41","guid":{"rendered":"https:\/\/www.futboltotal.com.mx\/?p=502550"},"modified":"2017-10-01T14:02:56","modified_gmt":"2017-10-01T19:02:56","slug":"millonario-precio-puso-benfica-a-raul-jimenez","status":"publish","type":"post","link":"http:\/\/desarrollo.grupomedios.com\/futbol\/destacado-home\/millonario-precio-puso-benfica-a-raul-jimenez\/2017\/10","title":{"rendered":"El millonario precio que puso Benfica a Ra\u00fal Jim\u00e9nez"},"content":{"rendered":"<p>A pesar de que no es titular, el <strong>Benfica<\/strong> quiere a <strong>Ra\u00fal Jim\u00e9nez<\/strong> y tambi\u00e9n lo ve como un buen negocio, pues ha puesto la vara muy alta para que los clubes puedan hacerse de los servicios del mexicano.<\/p>\n<p>En Portugal ha trascendido que las <em>\u00c1guilas<\/em> quieren m\u00e1s de 50 millones de euros por el pase del mexicano, as\u00ed lo revel\u00f3 el diario O Jogo con una declaraci\u00f3n de Luis Felipe Vieira, presidente del <strong>Benfica<\/strong>, quien confes\u00f3 que rechazaron una una oferta.<\/p>\n<p style=\"text-align: center;\"><span style=\"color: #3366ff;\"><a href=\"https:\/\/www.futboltotal.com.mx\/2017\/10\/pulido-tundio-a-eduardo-vargas-y-lo-llamo-poco-profesional\/\">VER M\u00c1S: Pulido tundi\u00f3 a Eduardo Vargas y lo llam\u00f3 \u201cpoco profesional\u201d<\/a><\/span><\/p>\n<p>&#8220;La \u00faltima oferta que tuve por <strong>Ra\u00fal Jim\u00e9nez<\/strong> fue de 25 millones por el 50% del pase\u201d, coment\u00f3 Vieira.<\/p>\n<p>Durante el pasado mercado de fichajes hubo versiones de que el Everton estaba interesado en<strong> Ra\u00fal<\/strong> y puso en la mesa los 50 millones pero la cantidad rechazada por el Benfica.<\/p>\n","protected":false},"excerpt":{"rendered":"<p>Los portugueses quieren una millonada por su pase.<\/p>\n","protected":false},"author":20,"featured_media":455611,"comment_status":"closed","ping_status":"closed","sticky":false,"template":"","format":"standard","meta":[],"categories":[5,3839],"tags":[6060,742],"_links":{"self":[{"href":"http:\/\/desarrollo.grupomedios.com\/futbol\/wp-json\/wp\/v2\/posts\/502550"}],"collection":[{"href":"http:\/\/desarrollo.grupomedios.com\/futbol\/wp-json\/wp\/v2\/posts"}],"about":[{"href":"http:\/\/desarrollo.grupomedios.com\/futbol\/wp-json\/wp\/v2\/types\/post"}],"author":[{"embeddable":true,"href":"http:\/\/desarrollo.grupomedios.com\/futbol\/wp-json\/wp\/v2\/users\/20"}],"replies":[{"embeddable":true,"href":"http:\/\/desarrollo.grupomedios.com\/futbol\/wp-json\/wp\/v2\/comments?post=502550"}],"version-history":[{"count":1,"href":"http:\/\/desarrollo.grupomedios.com\/futbol\/wp-json\/wp\/v2\/posts\/502550\/revisions"}],"predecessor-version":[{"id":502551,"href":"http:\/\/desarrollo.grupomedios.com\/futbol\/wp-json\/wp\/v2\/posts\/502550\/revisions\/502551"}],"wp:featuredmedia":[{"embeddable":true,"href":"http:\/\/desarrollo.grupomedios.com\/futbol\/wp-json\/wp\/v2\/media\/455611"}],"wp:attachment":[{"href":"http:\/\/desarrollo.grupomedios.com\/futbol\/wp-json\/wp\/v2\/media?parent=502550"}],"wp:term":[{"taxonomy":"category","embeddable":true,"href":"http:\/\/desarrollo.grupomedios.com\/futbol\/wp-json\/wp\/v2\/categories?post=502550"},{"taxonomy":"post_tag","embeddable":true,"href":"http:\/\/desarrollo.grupomedios.com\/futbol\/wp-json\/wp\/v2\/tags?post=502550"}],"curies":[{"name":"wp","href":"https:\/\/api.w.org\/{rel}","templated":true}]}}