{"id":502554,"date":"2017-10-01T14:42:09","date_gmt":"2017-10-01T19:42:09","guid":{"rendered":"https:\/\/www.futboltotal.com.mx\/?p=502554"},"modified":"2017-10-02T08:44:44","modified_gmt":"2017-10-02T13:44:44","slug":"lagrimas-pique-aseguro-puede-dejar-la-seleccion-una-molestia","status":"publish","type":"post","link":"http:\/\/desarrollo.grupomedios.com\/futbol\/futbol-internacional\/lagrimas-pique-aseguro-puede-dejar-la-seleccion-una-molestia\/2017\/10","title":{"rendered":"Entre l\u00e1grimas, Pique asegur\u00f3 que &#8220;puede dejar la Selecci\u00f3n si es molestia&#8221;"},"content":{"rendered":"<p><strong>Gerard Piqu\u00e9<\/strong> no pudo contener las l\u00e1grimas al hablar ante la prensa tras el partido donde<span style=\"color: #3366ff;\"><a href=\"https:\/\/www.futboltotal.com.mx\/2017\/10\/201710barcelona-derrota-a-las-palmas-en-partido-a-puerta-cerrada\/\" target=\"_blank\" rel=\"noopener\"> el Barcelona venci\u00f3 al UD Las Palmas<\/a><\/span>: &#8220;Si molesto, no tengo ning\u00fan problema en dar un paso a un lado y dejar la selecci\u00f3n&#8221;.<\/p>\n<p>El central catal\u00e1n se refiri\u00f3 a los incidentes ocurridos en la jornada del refer\u00e9ndum: &#8220;Los actos de hoy los ha visto todo el mundo y creo que habr\u00e1 consecuencias&#8221;<\/p>\n<p>Respecto a su presencia en la selecci\u00f3n, <strong>Piqu\u00e9<\/strong>, emocionado, dijo que &#8220;si el m\u00edster o cualquier persona de la Federaci\u00f3n cree que soy un problema o molesto, no tengo ning\u00fan problema en dar un paso un lado y dejar la selecci\u00f3n antes de 2018&#8221;, el a\u00f1o en el que tiene previsto retirarse como internacional.<\/p>\n<p style=\"text-align: center;\"><span style=\"color: #3366ff;\"><a href=\"https:\/\/www.futboltotal.com.mx\/2017\/10\/pulido-tundio-a-eduardo-vargas-y-lo-llamo-poco-profesional\/\">VER M\u00c1S: Pulido tundi\u00f3 a Eduardo Vargas y lo llam\u00f3 \u201cpoco profesional\u201d<\/a><\/span><\/p>\n<blockquote class=\"twitter-tweet\" data-width=\"500\">\n<p lang=\"es\" dir=\"ltr\">Vale la pena ver cada segundo. <a href=\"https:\/\/twitter.com\/hashtag\/Piqu%C3%A9?src=hash&amp;ref_src=twsrc%5Etfw\">#Piqu\u00e9<\/a> no puede contener el llanto al hablar de los incidentes ocurridos en <a href=\"https:\/\/twitter.com\/hashtag\/Cataluna?src=hash&amp;ref_src=twsrc%5Etfw\">#Cataluna<\/a> <a href=\"https:\/\/t.co\/NhfLLp4RKY\">pic.twitter.com\/NhfLLp4RKY<\/a><\/p>\n<p>&mdash; Thomas Estevez (@thoestevez) <a href=\"https:\/\/twitter.com\/thoestevez\/status\/914564155255992322?ref_src=twsrc%5Etfw\">October 1, 2017<\/a><\/p><\/blockquote>\n<p><script async src=\"\/\/platform.twitter.com\/widgets.js\" charset=\"utf-8\"><\/script><\/p>\n","protected":false},"excerpt":{"rendered":"<p>El central del Barcelona habl\u00f3 del refer\u00e9ndum en Catalu\u00f1a.<\/p>\n","protected":false},"author":20,"featured_media":434711,"comment_status":"closed","ping_status":"closed","sticky":false,"template":"","format":"standard","meta":[],"categories":[3839,3844],"tags":[2309,253,6015],"_links":{"self":[{"href":"http:\/\/desarrollo.grupomedios.com\/futbol\/wp-json\/wp\/v2\/posts\/502554"}],"collection":[{"href":"http:\/\/desarrollo.grupomedios.com\/futbol\/wp-json\/wp\/v2\/posts"}],"about":[{"href":"http:\/\/desarrollo.grupomedios.com\/futbol\/wp-json\/wp\/v2\/types\/post"}],"author":[{"embeddable":true,"href":"http:\/\/desarrollo.grupomedios.com\/futbol\/wp-json\/wp\/v2\/users\/20"}],"replies":[{"embeddable":true,"href":"http:\/\/desarrollo.grupomedios.com\/futbol\/wp-json\/wp\/v2\/comments?post=502554"}],"version-history":[{"count":2,"href":"http:\/\/desarrollo.grupomedios.com\/futbol\/wp-json\/wp\/v2\/posts\/502554\/revisions"}],"predecessor-version":[{"id":502615,"href":"http:\/\/desarrollo.grupomedios.com\/futbol\/wp-json\/wp\/v2\/posts\/502554\/revisions\/502615"}],"wp:featuredmedia":[{"embeddable":true,"href":"http:\/\/desarrollo.grupomedios.com\/futbol\/wp-json\/wp\/v2\/media\/434711"}],"wp:attachment":[{"href":"http:\/\/desarrollo.grupomedios.com\/futbol\/wp-json\/wp\/v2\/media?parent=502554"}],"wp:term":[{"taxonomy":"category","embeddable":true,"href":"http:\/\/desarrollo.grupomedios.com\/futbol\/wp-json\/wp\/v2\/categories?post=502554"},{"taxonomy":"post_tag","embeddable":true,"href":"http:\/\/desarrollo.grupomedios.com\/futbol\/wp-json\/wp\/v2\/tags?post=502554"}],"curies":[{"name":"wp","href":"https:\/\/api.w.org\/{rel}","templated":true}]}}