{"id":502560,"date":"2017-10-01T15:48:19","date_gmt":"2017-10-01T20:48:19","guid":{"rendered":"https:\/\/www.futboltotal.com.mx\/?p=502560"},"modified":"2017-10-01T15:48:19","modified_gmt":"2017-10-01T20:48:19","slug":"real-madrid-derrota-al-espanyol-la-mano-isco","status":"publish","type":"post","link":"http:\/\/desarrollo.grupomedios.com\/futbol\/futbol-internacional\/real-madrid-derrota-al-espanyol-la-mano-isco\/2017\/10","title":{"rendered":"Real Madrid derrota al Espanyol de la mano de Isco"},"content":{"rendered":"<p>El <strong>Real Madrid<\/strong> volvi\u00f3 a triunfar y este d\u00eda derrot\u00f3 2-0 al <strong>Espanyol<\/strong> gracias a dos goles del mediocampista <strong>Isco Alarc\u00f3n.<\/strong><\/p>\n<p>El conjunto <em>Merengue<\/em>, que viene de derrotar al Borussia Dortmund a media semana en la Champions League, sali\u00f3 con equipo titular, aunque no fue el mejor partido, fueron efectivos.<\/p>\n<p><strong>Isco<\/strong> fue el encargado de abrir el marcador al minuto 30&#8242; luego de una gran jugada de <strong>Cristiano Ronaldo<\/strong>.<\/p>\n<blockquote class=\"twitter-tweet\" data-width=\"500\">\n<p lang=\"es\" dir=\"ltr\">Aqu\u00ed el gol de <a href=\"https:\/\/twitter.com\/isco_alarcon?ref_src=twsrc%5Etfw\">@isco_alarcon<\/a>, pone 1-0 en el marcador al minuto 29. Vean la incre\u00edble asistencia de Cristiano:   <a href=\"https:\/\/t.co\/fx44V9GjO7\">pic.twitter.com\/fx44V9GjO7<\/a><\/p>\n<p>&mdash; Karla Romero. (@lacharlierom) <a href=\"https:\/\/twitter.com\/lacharlierom\/status\/914576636313587714?ref_src=twsrc%5Etfw\">October 1, 2017<\/a><\/p><\/blockquote>\n<p><script async src=\"\/\/platform.twitter.com\/widgets.js\" charset=\"utf-8\"><\/script><\/p>\n<p>A partir del primer tanto, los <em>Merengues<\/em> se hicieron due\u00f1os del partido y fue hasta la segunda mitad cuando sentenciaron el partido.<\/p>\n<p>Otra vez el mismo <strong>Isco<\/strong> se encarg\u00f3 de marcar el segundo gol del encuentro para que el <strong>Real Madrid<\/strong> dominara el resto del partido ante el Espanyol, que dio competencia a los Merengues.<\/p>\n<blockquote class=\"twitter-tweet\" data-width=\"500\">\n<p lang=\"es\" dir=\"ltr\">El segundo gol del <a href=\"https:\/\/twitter.com\/realmadrid?ref_src=twsrc%5Etfw\">@realmadrid<\/a>!! <a href=\"https:\/\/twitter.com\/isco_alarcon?ref_src=twsrc%5Etfw\">@isco_alarcon<\/a> eres grande! <a href=\"https:\/\/t.co\/gZrTqe2b1O\">pic.twitter.com\/gZrTqe2b1O<\/a><\/p>\n<p>&mdash; El\u00ed Rivera (@eliirivera) <a href=\"https:\/\/twitter.com\/eliirivera\/status\/914586230360330241?ref_src=twsrc%5Etfw\">October 1, 2017<\/a><\/p><\/blockquote>\n<p><script async src=\"\/\/platform.twitter.com\/widgets.js\" charset=\"utf-8\"><\/script><\/p>\n","protected":false},"excerpt":{"rendered":"<p>Los Merengues siguieron con otro triunfo.<\/p>\n","protected":false},"author":129,"featured_media":502561,"comment_status":"closed","ping_status":"closed","sticky":false,"template":"","format":"standard","meta":[],"categories":[3839,3844],"tags":[67,6114,5988],"_links":{"self":[{"href":"http:\/\/desarrollo.grupomedios.com\/futbol\/wp-json\/wp\/v2\/posts\/502560"}],"collection":[{"href":"http:\/\/desarrollo.grupomedios.com\/futbol\/wp-json\/wp\/v2\/posts"}],"about":[{"href":"http:\/\/desarrollo.grupomedios.com\/futbol\/wp-json\/wp\/v2\/types\/post"}],"author":[{"embeddable":true,"href":"http:\/\/desarrollo.grupomedios.com\/futbol\/wp-json\/wp\/v2\/users\/129"}],"replies":[{"embeddable":true,"href":"http:\/\/desarrollo.grupomedios.com\/futbol\/wp-json\/wp\/v2\/comments?post=502560"}],"version-history":[{"count":1,"href":"http:\/\/desarrollo.grupomedios.com\/futbol\/wp-json\/wp\/v2\/posts\/502560\/revisions"}],"predecessor-version":[{"id":502562,"href":"http:\/\/desarrollo.grupomedios.com\/futbol\/wp-json\/wp\/v2\/posts\/502560\/revisions\/502562"}],"wp:featuredmedia":[{"embeddable":true,"href":"http:\/\/desarrollo.grupomedios.com\/futbol\/wp-json\/wp\/v2\/media\/502561"}],"wp:attachment":[{"href":"http:\/\/desarrollo.grupomedios.com\/futbol\/wp-json\/wp\/v2\/media?parent=502560"}],"wp:term":[{"taxonomy":"category","embeddable":true,"href":"http:\/\/desarrollo.grupomedios.com\/futbol\/wp-json\/wp\/v2\/categories?post=502560"},{"taxonomy":"post_tag","embeddable":true,"href":"http:\/\/desarrollo.grupomedios.com\/futbol\/wp-json\/wp\/v2\/tags?post=502560"}],"curies":[{"name":"wp","href":"https:\/\/api.w.org\/{rel}","templated":true}]}}