{"id":502616,"date":"2017-10-02T09:03:09","date_gmt":"2017-10-02T14:03:09","guid":{"rendered":"https:\/\/www.futboltotal.com.mx\/?p=502616"},"modified":"2017-10-02T09:03:09","modified_gmt":"2017-10-02T14:03:09","slug":"11-ideal-la-jornada-12-del-apertura-2017","status":"publish","type":"post","link":"http:\/\/desarrollo.grupomedios.com\/futbol\/destacado-home\/11-ideal-la-jornada-12-del-apertura-2017\/2017\/10","title":{"rendered":"El 11 ideal de la jornada 12 del Apertura 2017"},"content":{"rendered":"<p>La <strong>jornada 12<\/strong> del torneo <strong>Apertura 2017<\/strong> dej\u00f3 a <strong>Cruz Azul<\/strong> como el club que m\u00e1s elementos aport\u00f3 a nuestro 11 ideal de la Liga MX, con tres jugadores y el t\u00e9cnico, el espa\u00f1ol <strong>Paco J\u00e9mez.<\/strong><\/p>\n<p><em>La M\u00e1quina<\/em> se dio un fest\u00edn ante los <strong>Pumas<\/strong>, que ocupa el \u00faltimo lugar de la tabla general en gran parte por las notables actuaciones de <strong>Felipe Mora<\/strong> y <strong>Mart\u00edn Rodr\u00edguez<\/strong>, as\u00ed como el defensor <strong>Juli\u00e1n Vel\u00e1zquez<\/strong>.<\/p>\n<p style=\"text-align: center;\"><a href=\"https:\/\/www.futboltotal.com.mx\/2017\/10\/pumas-sufre-en-los-memes-la-jornada-12\/\" target=\"_blank\" rel=\"noopener\"><span style=\"color: #333399;\">VER M\u00c1S: Pumas tambi\u00e9n sufre en los memes de la jornada 12<\/span><\/a><\/p>\n<p>Sin embargo, <strong>Morelia<\/strong> tambi\u00e9n aport\u00f3 tres futbolistas a este equipo: el portero <strong>Sebasti\u00e1n Sosa<\/strong>, el volante <strong>Diego Vald\u00e9s<\/strong> y el atacante <strong>Rodolfo Vilchis<\/strong>.<\/p>\n<p>Desde la Sultana del Norte los equipos de la zona acaparan la l\u00ednea defensiva, con <strong>Juninho<\/strong> y <strong>Luis <em>Chaka<\/em> Rodr\u00edguez<\/strong> de <strong>Tigres<\/strong> y <strong>Leonel Vangioni<\/strong> del <strong>Monterrey<\/strong>.<\/p>\n<p>El colombiano <strong>Carlos Darwin Quintero<\/strong> representa al <strong>Am\u00e9rica<\/strong> y el delantero argentino <strong>Milton Caraglio<\/strong>, con un doblete ante <strong>Veracruz<\/strong>, completan nuestro 11 ideal.<\/p>\n<p><a href=\"https:\/\/www.futboltotal.com.mx\/wp-content\/uploads\/2017\/10\/11-ideal-jornada-12-apertura-2017.jpg\"><img decoding=\"async\" loading=\"lazy\" class=\"aligncenter size-large wp-image-502618\" src=\"https:\/\/www.futboltotal.com.mx\/wp-content\/uploads\/2017\/10\/11-ideal-jornada-12-apertura-2017-782x1024.jpg\" alt=\"El 11 ideal de la jornada 12 del Apertura 2017 0\" srcset=\"http:\/\/desarrollo.grupomedios.com\/futbol\/wp-content\/uploads\/2017\/10\/11-ideal-jornada-12-apertura-2017-782x1024.jpg 782w, http:\/\/desarrollo.grupomedios.com\/futbol\/wp-content\/uploads\/2017\/10\/11-ideal-jornada-12-apertura-2017-229x300.jpg 229w, http:\/\/desarrollo.grupomedios.com\/futbol\/wp-content\/uploads\/2017\/10\/11-ideal-jornada-12-apertura-2017-768x1005.jpg 768w, http:\/\/desarrollo.grupomedios.com\/futbol\/wp-content\/uploads\/2017\/10\/11-ideal-jornada-12-apertura-2017.jpg 858w\" sizes=\"(max-width: 782px) 100vw, 782px\" \/><\/a><\/p>\n","protected":false},"excerpt":{"rendered":"<p>Cruz Azul y Morelia acapararon el 11 ideal de la fecha 12 de la Liga MX.<\/p>\n","protected":false},"author":20,"featured_media":502617,"comment_status":"closed","ping_status":"closed","sticky":false,"template":"","format":"standard","meta":[],"categories":[5,2198,3845],"tags":[5623,8357,5962,64,5967],"_links":{"self":[{"href":"http:\/\/desarrollo.grupomedios.com\/futbol\/wp-json\/wp\/v2\/posts\/502616"}],"collection":[{"href":"http:\/\/desarrollo.grupomedios.com\/futbol\/wp-json\/wp\/v2\/posts"}],"about":[{"href":"http:\/\/desarrollo.grupomedios.com\/futbol\/wp-json\/wp\/v2\/types\/post"}],"author":[{"embeddable":true,"href":"http:\/\/desarrollo.grupomedios.com\/futbol\/wp-json\/wp\/v2\/users\/20"}],"replies":[{"embeddable":true,"href":"http:\/\/desarrollo.grupomedios.com\/futbol\/wp-json\/wp\/v2\/comments?post=502616"}],"version-history":[{"count":2,"href":"http:\/\/desarrollo.grupomedios.com\/futbol\/wp-json\/wp\/v2\/posts\/502616\/revisions"}],"predecessor-version":[{"id":504848,"href":"http:\/\/desarrollo.grupomedios.com\/futbol\/wp-json\/wp\/v2\/posts\/502616\/revisions\/504848"}],"wp:featuredmedia":[{"embeddable":true,"href":"http:\/\/desarrollo.grupomedios.com\/futbol\/wp-json\/wp\/v2\/media\/502617"}],"wp:attachment":[{"href":"http:\/\/desarrollo.grupomedios.com\/futbol\/wp-json\/wp\/v2\/media?parent=502616"}],"wp:term":[{"taxonomy":"category","embeddable":true,"href":"http:\/\/desarrollo.grupomedios.com\/futbol\/wp-json\/wp\/v2\/categories?post=502616"},{"taxonomy":"post_tag","embeddable":true,"href":"http:\/\/desarrollo.grupomedios.com\/futbol\/wp-json\/wp\/v2\/tags?post=502616"}],"curies":[{"name":"wp","href":"https:\/\/api.w.org\/{rel}","templated":true}]}}