{"id":502620,"date":"2017-10-02T09:26:12","date_gmt":"2017-10-02T14:26:12","guid":{"rendered":"https:\/\/www.futboltotal.com.mx\/?p=502620"},"modified":"2017-10-02T09:26:12","modified_gmt":"2017-10-02T14:26:12","slug":"rafa-marquez-siente-impotencia-ante-los-sucesos-en-barcelona","status":"publish","type":"post","link":"http:\/\/desarrollo.grupomedios.com\/futbol\/futbol-mexicano\/liga-mx\/rafa-marquez-siente-impotencia-ante-los-sucesos-en-barcelona\/2017\/10","title":{"rendered":"Rafa M\u00e1rquez siente &#8220;impotencia&#8221; ante los sucesos en Barcelona"},"content":{"rendered":"<p>El defensa mexicano <strong>Rafael M\u00e1rquez<\/strong> se manifest\u00f3 en contra de las muestras de violencia que se han presentado en Espa\u00f1a como consecuencia del refer\u00e9ndum de Catalu\u00f1a.<\/p>\n<p>Luego de que se contabilizaran m\u00e1s de 800 heridos, el ahora jugador del <strong>Atlas<\/strong> y ex futbolista del <strong>Barcelona<\/strong> manifest\u00f3 su tristeza y reprob\u00f3 las acciones ocurridas en territorio espa\u00f1ol.<\/p>\n<p style=\"text-align: center;\"><a href=\"https:\/\/www.futboltotal.com.mx\/2017\/10\/lagrimas-pique-aseguro-puede-dejar-la-seleccion-una-molestia\/\" target=\"_blank\" rel=\"noopener\"><span style=\"color: #333399;\">VER M\u00c1S: Entre l\u00e1grimas, Piqu\u00e9 dijo que &#8220;podr\u00eda dejar la selecci\u00f3n si es molestia&#8221;<\/span><\/a><\/p>\n<p>&#8220;Tristeza e impotencia al ver estas im\u00e1genes en territorio en el que alg\u00fan tiempo fue mi casa,\u00a0#NoALaViolencia&#8221;, fue el texto que comparti\u00f3 el jugador michoacano.<\/p>\n<p><a href=\"https:\/\/www.futboltotal.com.mx\/wp-content\/uploads\/2017\/10\/Rafa-Marquez-tuit-Barcelona.png\"><img decoding=\"async\" loading=\"lazy\" class=\"aligncenter size-full wp-image-502622\" src=\"https:\/\/www.futboltotal.com.mx\/wp-content\/uploads\/2017\/10\/Rafa-Marquez-tuit-Barcelona.png\" alt=\"Rafa M\u00e1rquez siente &#8220;impotencia&#8221; ante los sucesos en Barcelona 0\" srcset=\"http:\/\/desarrollo.grupomedios.com\/futbol\/wp-content\/uploads\/2017\/10\/Rafa-Marquez-tuit-Barcelona.png 630w, http:\/\/desarrollo.grupomedios.com\/futbol\/wp-content\/uploads\/2017\/10\/Rafa-Marquez-tuit-Barcelona-300x99.png 300w\" sizes=\"(max-width: 630px) 100vw, 630px\" \/><\/a><\/p>\n","protected":false},"excerpt":{"rendered":"<p>El ahora jugador del Atlas est\u00e1 triste por lo sucedido en la que fue su casa.<\/p>\n","protected":false},"author":20,"featured_media":502621,"comment_status":"closed","ping_status":"closed","sticky":false,"template":"","format":"standard","meta":[],"categories":[5419,3845],"tags":[5961,5984,2309,6033,10414],"_links":{"self":[{"href":"http:\/\/desarrollo.grupomedios.com\/futbol\/wp-json\/wp\/v2\/posts\/502620"}],"collection":[{"href":"http:\/\/desarrollo.grupomedios.com\/futbol\/wp-json\/wp\/v2\/posts"}],"about":[{"href":"http:\/\/desarrollo.grupomedios.com\/futbol\/wp-json\/wp\/v2\/types\/post"}],"author":[{"embeddable":true,"href":"http:\/\/desarrollo.grupomedios.com\/futbol\/wp-json\/wp\/v2\/users\/20"}],"replies":[{"embeddable":true,"href":"http:\/\/desarrollo.grupomedios.com\/futbol\/wp-json\/wp\/v2\/comments?post=502620"}],"version-history":[{"count":1,"href":"http:\/\/desarrollo.grupomedios.com\/futbol\/wp-json\/wp\/v2\/posts\/502620\/revisions"}],"predecessor-version":[{"id":502623,"href":"http:\/\/desarrollo.grupomedios.com\/futbol\/wp-json\/wp\/v2\/posts\/502620\/revisions\/502623"}],"wp:featuredmedia":[{"embeddable":true,"href":"http:\/\/desarrollo.grupomedios.com\/futbol\/wp-json\/wp\/v2\/media\/502621"}],"wp:attachment":[{"href":"http:\/\/desarrollo.grupomedios.com\/futbol\/wp-json\/wp\/v2\/media?parent=502620"}],"wp:term":[{"taxonomy":"category","embeddable":true,"href":"http:\/\/desarrollo.grupomedios.com\/futbol\/wp-json\/wp\/v2\/categories?post=502620"},{"taxonomy":"post_tag","embeddable":true,"href":"http:\/\/desarrollo.grupomedios.com\/futbol\/wp-json\/wp\/v2\/tags?post=502620"}],"curies":[{"name":"wp","href":"https:\/\/api.w.org\/{rel}","templated":true}]}}