{"id":502633,"date":"2017-10-02T10:28:30","date_gmt":"2017-10-02T15:28:30","guid":{"rendered":"https:\/\/www.futboltotal.com.mx\/?p=502633"},"modified":"2017-10-02T10:28:30","modified_gmt":"2017-10-02T15:28:30","slug":"mama-rafa-marquez-vinculada-narcotraficante","status":"publish","type":"post","link":"http:\/\/desarrollo.grupomedios.com\/futbol\/destacado-home\/mama-rafa-marquez-vinculada-narcotraficante\/2017\/10","title":{"rendered":"Mam\u00e1 de Rafa M\u00e1rquez, tambi\u00e9n vinculada con narcotraficante"},"content":{"rendered":"<p>Los v\u00ednculos del futbolista mexicano <strong>Rafa M\u00e1rquez<\/strong> con el narco siguen apareciendo, siendo esta vez su madre, la diputada federal <strong>Rosa Alicia \u00c1lvarez Pi\u00f1ones<\/strong>, ha sido ligada con <strong>Ra\u00fal Flores &#8216;El T\u00edo&#8217;<\/strong>, presunto narcotraficante que actualmente est\u00e1 en prisi\u00f3n.<\/p>\n<p>De acuerdo a informaci\u00f3n publicada por el diario Reforma y presentando como prueba la escritura 8699 del Registro P\u00fablico de la Propiedad de Jalisco del 7 de noviembre de 2007, la mam\u00e1 del jugador del <strong>Atlas<\/strong>, en conjunto con Flores, compr\u00f3 en Zapopan 7.58 hect\u00e1reas a cambio de $5.45 millones de pesos.<\/p>\n<p style=\"text-align: center;\"><a href=\"https:\/\/www.futboltotal.com.mx\/2017\/10\/rafa-marquez-siente-impotencia-ante-los-sucesos-en-barcelona\/\" target=\"_blank\" rel=\"noopener\"><span style=\"color: #333399;\">VER M\u00c1S: Rafa M\u00e1rquez siente impotencia ante sucesos en Barcelona<\/span><\/a><\/p>\n<p>Siendo propietario del 46.7% del de ese terreno, &#8216;El T\u00edo&#8217; a su vez lo vendi\u00f3 al ex futbolista <strong>Miguel Zepeda<\/strong> en 2009, quien despu\u00e9s lo revendi\u00f3 a la madre de M\u00e1rquez y en esa zona actualmente se construye\u00a0el <strong>Eurocenter Centro de Alto Rendimiento Rafael M\u00e1rquez<\/strong> gracias a una inversi\u00f3n de 300 millones de pesos que se anunci\u00f3 desde 2008.<\/p>\n<p>Las acusaciones por parte del\u00a0Departamento del Tesoro de EU contra <strong>Rafa M\u00e1rquez<\/strong> salieron a la luz hace meses, al se\u00f1alarlo como\u00a0prestanombres del narcotraficante <strong>Ra\u00fal Flores Hern\u00e1ndez<\/strong>, adem\u00e1s de la fundaci\u00f3n Futbol y Coraz\u00f3n, iniciativa del futbolista, como parte de un listado de 42 empresas en M\u00e9xico vinculadas con el tr\u00e1fico de drogas.<\/p>\n","protected":false},"excerpt":{"rendered":"<p>Rosa Alicia \u00c1lvarez Pi\u00f1ones habr\u00eda comprado un terreno en conjunto con narcotraficante.<\/p>\n","protected":false},"author":20,"featured_media":502634,"comment_status":"closed","ping_status":"closed","sticky":false,"template":"","format":"standard","meta":[],"categories":[5419,5,2198,3845],"tags":[10424,4358,9696,10423],"_links":{"self":[{"href":"http:\/\/desarrollo.grupomedios.com\/futbol\/wp-json\/wp\/v2\/posts\/502633"}],"collection":[{"href":"http:\/\/desarrollo.grupomedios.com\/futbol\/wp-json\/wp\/v2\/posts"}],"about":[{"href":"http:\/\/desarrollo.grupomedios.com\/futbol\/wp-json\/wp\/v2\/types\/post"}],"author":[{"embeddable":true,"href":"http:\/\/desarrollo.grupomedios.com\/futbol\/wp-json\/wp\/v2\/users\/20"}],"replies":[{"embeddable":true,"href":"http:\/\/desarrollo.grupomedios.com\/futbol\/wp-json\/wp\/v2\/comments?post=502633"}],"version-history":[{"count":1,"href":"http:\/\/desarrollo.grupomedios.com\/futbol\/wp-json\/wp\/v2\/posts\/502633\/revisions"}],"predecessor-version":[{"id":502635,"href":"http:\/\/desarrollo.grupomedios.com\/futbol\/wp-json\/wp\/v2\/posts\/502633\/revisions\/502635"}],"wp:featuredmedia":[{"embeddable":true,"href":"http:\/\/desarrollo.grupomedios.com\/futbol\/wp-json\/wp\/v2\/media\/502634"}],"wp:attachment":[{"href":"http:\/\/desarrollo.grupomedios.com\/futbol\/wp-json\/wp\/v2\/media?parent=502633"}],"wp:term":[{"taxonomy":"category","embeddable":true,"href":"http:\/\/desarrollo.grupomedios.com\/futbol\/wp-json\/wp\/v2\/categories?post=502633"},{"taxonomy":"post_tag","embeddable":true,"href":"http:\/\/desarrollo.grupomedios.com\/futbol\/wp-json\/wp\/v2\/tags?post=502633"}],"curies":[{"name":"wp","href":"https:\/\/api.w.org\/{rel}","templated":true}]}}