{"id":502637,"date":"2017-10-02T11:44:37","date_gmt":"2017-10-02T16:44:37","guid":{"rendered":"https:\/\/www.futboltotal.com.mx\/?p=502637"},"modified":"2017-10-02T11:44:37","modified_gmt":"2017-10-02T16:44:37","slug":"nos-dejo-la-jornada-12-la-liga-mx-2","status":"publish","type":"post","link":"http:\/\/desarrollo.grupomedios.com\/futbol\/futbol-mexicano\/nos-dejo-la-jornada-12-la-liga-mx-2\/2017\/10","title":{"rendered":"\u00bfQu\u00e9 nos dej\u00f3 la Jornada 12 de la Liga MX?"},"content":{"rendered":"<p>Se jug\u00f3 una fecha m\u00e1s de la <strong>Liga MX<\/strong> y dentro de la<strong> Jornada 12<\/strong> hubo grandes encuentros como el partido entre Toluca y Am\u00e9rica, donde las \u00c1guilas regresaron al segundo lugar de la Tabla General.<\/p>\n<p>Tambi\u00e9n dentro de la Jornada 12 se jug\u00f3 un gran partido entre Pumas y Cruz Azul, donde la M\u00e1quina dio un gran encuentro\u00a0 ante los universitarios.<\/p>\n<p>Esto y m\u00e1s lo tienes aqu\u00ed en Futbol Total con lo m\u00e1s destacado de la <strong>Jornada 12 de la Liga MX<\/strong>.<\/p>\n<p style=\"text-align: center;\"><span style=\"color: #3366ff;\"><a href=\"https:\/\/www.futboltotal.com.mx\/2017\/10\/mama-rafa-marquez-vinculada-narcotraficante\/\">VER M\u00c1S: Mam\u00e1 de Rafa M\u00e1rquez, tambi\u00e9n vinculada con narcotraficante<\/a><\/span><\/p>\n<p><script type=\"text\/javascript\" src=\"\/\/cdn.playbuzz.com\/widget\/feed.js\"><\/script><\/p>\n<div class=\"pb_feed\" data-embed-by=\"d43f3879-83ed-40bc-99d7-fde80605466f\" data-item=\"85471c44-38c0-43d9-9479-7619bf89473f\" data-recommend=\"false\" data-game-info=\"false\" data-comments=\"false\" data-shares=\"false\" data-version=\"2\"><\/div>\n","protected":false},"excerpt":{"rendered":"<p>Descubre qu\u00e9 fue lo m\u00e1s destacado de la Jornada 12 de la Liga MX.<\/p>\n","protected":false},"author":20,"featured_media":502641,"comment_status":"closed","ping_status":"closed","sticky":false,"template":"","format":"standard","meta":[],"categories":[7570,2198,3845],"tags":[8357,3329,64],"_links":{"self":[{"href":"http:\/\/desarrollo.grupomedios.com\/futbol\/wp-json\/wp\/v2\/posts\/502637"}],"collection":[{"href":"http:\/\/desarrollo.grupomedios.com\/futbol\/wp-json\/wp\/v2\/posts"}],"about":[{"href":"http:\/\/desarrollo.grupomedios.com\/futbol\/wp-json\/wp\/v2\/types\/post"}],"author":[{"embeddable":true,"href":"http:\/\/desarrollo.grupomedios.com\/futbol\/wp-json\/wp\/v2\/users\/20"}],"replies":[{"embeddable":true,"href":"http:\/\/desarrollo.grupomedios.com\/futbol\/wp-json\/wp\/v2\/comments?post=502637"}],"version-history":[{"count":1,"href":"http:\/\/desarrollo.grupomedios.com\/futbol\/wp-json\/wp\/v2\/posts\/502637\/revisions"}],"predecessor-version":[{"id":502642,"href":"http:\/\/desarrollo.grupomedios.com\/futbol\/wp-json\/wp\/v2\/posts\/502637\/revisions\/502642"}],"wp:featuredmedia":[{"embeddable":true,"href":"http:\/\/desarrollo.grupomedios.com\/futbol\/wp-json\/wp\/v2\/media\/502641"}],"wp:attachment":[{"href":"http:\/\/desarrollo.grupomedios.com\/futbol\/wp-json\/wp\/v2\/media?parent=502637"}],"wp:term":[{"taxonomy":"category","embeddable":true,"href":"http:\/\/desarrollo.grupomedios.com\/futbol\/wp-json\/wp\/v2\/categories?post=502637"},{"taxonomy":"post_tag","embeddable":true,"href":"http:\/\/desarrollo.grupomedios.com\/futbol\/wp-json\/wp\/v2\/tags?post=502637"}],"curies":[{"name":"wp","href":"https:\/\/api.w.org\/{rel}","templated":true}]}}