{"id":502678,"date":"2017-10-02T15:13:01","date_gmt":"2017-10-02T20:13:01","guid":{"rendered":"https:\/\/www.futboltotal.com.mx\/?p=502678"},"modified":"2017-10-02T15:13:01","modified_gmt":"2017-10-02T20:13:01","slug":"gol-gareth-bale-mejor-la-jornada-2-champions-league","status":"publish","type":"post","link":"http:\/\/desarrollo.grupomedios.com\/futbol\/futbol-internacional\/gol-gareth-bale-mejor-la-jornada-2-champions-league\/2017\/10","title":{"rendered":"Gol de Gareth Bale, el mejor de la Jornada 2 de Champions League"},"content":{"rendered":"<p>El tanto del gal\u00e9s <strong>Gareth Bale<\/strong> que abri\u00f3 la victoria del <strong>Real Madrid<\/strong> en Dortmund contra el Borussia (1-3) fue elegido por los usuarios de la web de la UEFA como el mejor gol de la segunda jornada de la <strong>Champions League.<\/strong><\/p>\n<p>La diana del zurdo brit\u00e1nico, que marc\u00f3 con una volea colocada tras un centro de Dani Carvajal, recibi\u00f3 el 23 por ciento de los respaldos, uno m\u00e1s que el de Scott Sinclair, jugador del Celtic, en el triunfo en el campo del Anderlecht.<\/p>\n<p>El brasile\u00f1o Fernando, autor del tanto con el que el Spartak de Mosc\u00fa igual\u00f3 a uno con el Liverpool, qued\u00f3 en tercera posici\u00f3n con el 19 por ciento, en tanto que el uruguayo Edinson Cavani, delantero del Par\u00eds Saint Germain, fue cuarto con el 18 con su diana ante el Bayern M\u00fanich. EFE<\/p>\n<p style=\"text-align: center;\"><span style=\"color: #3366ff;\"><a href=\"https:\/\/www.futboltotal.com.mx\/2017\/10\/rubens-sambueza-mostro-quedo-tras-patada-ante-america\/\">VER M\u00c1S: Rubens Sambueza mostr\u00f3 c\u00f3mo qued\u00f3 tras patada ante Am\u00e9rica<\/a><\/span><\/p>\n<p><iframe loading=\"lazy\" src=\"https:\/\/www.youtube.com\/embed\/WpWiQObvMuo?feature=oembed\" frameborder=\"0\" allowfullscreen><\/iframe><\/p>\n","protected":false},"excerpt":{"rendered":"<p>EL gol del gal\u00e9s inici\u00f3 el camino para el triunfo Merengue.<\/p>\n","protected":false},"author":144,"featured_media":439504,"comment_status":"closed","ping_status":"closed","sticky":false,"template":"","format":"standard","meta":[],"categories":[3841,3839],"tags":[6047,36,6043,5988],"_links":{"self":[{"href":"http:\/\/desarrollo.grupomedios.com\/futbol\/wp-json\/wp\/v2\/posts\/502678"}],"collection":[{"href":"http:\/\/desarrollo.grupomedios.com\/futbol\/wp-json\/wp\/v2\/posts"}],"about":[{"href":"http:\/\/desarrollo.grupomedios.com\/futbol\/wp-json\/wp\/v2\/types\/post"}],"author":[{"embeddable":true,"href":"http:\/\/desarrollo.grupomedios.com\/futbol\/wp-json\/wp\/v2\/users\/144"}],"replies":[{"embeddable":true,"href":"http:\/\/desarrollo.grupomedios.com\/futbol\/wp-json\/wp\/v2\/comments?post=502678"}],"version-history":[{"count":1,"href":"http:\/\/desarrollo.grupomedios.com\/futbol\/wp-json\/wp\/v2\/posts\/502678\/revisions"}],"predecessor-version":[{"id":502679,"href":"http:\/\/desarrollo.grupomedios.com\/futbol\/wp-json\/wp\/v2\/posts\/502678\/revisions\/502679"}],"wp:featuredmedia":[{"embeddable":true,"href":"http:\/\/desarrollo.grupomedios.com\/futbol\/wp-json\/wp\/v2\/media\/439504"}],"wp:attachment":[{"href":"http:\/\/desarrollo.grupomedios.com\/futbol\/wp-json\/wp\/v2\/media?parent=502678"}],"wp:term":[{"taxonomy":"category","embeddable":true,"href":"http:\/\/desarrollo.grupomedios.com\/futbol\/wp-json\/wp\/v2\/categories?post=502678"},{"taxonomy":"post_tag","embeddable":true,"href":"http:\/\/desarrollo.grupomedios.com\/futbol\/wp-json\/wp\/v2\/tags?post=502678"}],"curies":[{"name":"wp","href":"https:\/\/api.w.org\/{rel}","templated":true}]}}