{"id":502680,"date":"2017-10-06T11:15:13","date_gmt":"2017-10-06T16:15:13","guid":{"rendered":"https:\/\/www.futboltotal.com.mx\/?p=502680"},"modified":"2017-10-06T11:15:13","modified_gmt":"2017-10-06T16:15:13","slug":"mexicano-participa-en-tango-squad-lo-nuevo-de-adidas201710","status":"publish","type":"post","link":"http:\/\/desarrollo.grupomedios.com\/futbol\/cambio-de-juego\/mexicano-participa-en-tango-squad-lo-nuevo-de-adidas201710\/2017\/10","title":{"rendered":"Mexicano participa en Tango Squad, lo nuevo de adidas"},"content":{"rendered":"<p><iframe loading=\"lazy\" src=\"https:\/\/www.youtube.com\/embed\/gcpoFzqRPKc\" frameborder=\"0\" allowfullscreen=\"allowfullscreen\"><\/iframe><\/p>\n<p>Este es el \u00faltimo cap\u00edtulo de la serie &#8216;Here To Create&#8217; de adidas que celebra el uso de la creatividad en el deporte.<\/p>\n<p>Jos Ayala, fue uno de los concursantes mexicanos y ganador del <strong><em>Tango League 2017<\/em><\/strong>, por lo tanto, se encuentra participando en esta <strong>nueva campa\u00f1a<\/strong> de <strong>adidas.<\/strong><\/p>\n<p><a href=\"https:\/\/www.futboltotal.com.mx\/2017\/10\/real-madrid-derrota-al-espanyol-la-mano-isco\/\" target=\"_blank\" rel=\"noopener\">VER M\u00c1S: Real Madrid derrota al Espanyol de la mano de Isco<\/a><\/p>\n<h2>Tango Squad Creations demuestra la creatividad en el deporte<\/h2>\n<p>As\u00ed es como un grupo de j\u00f3venes aficionados -entre ellos un mexicano- logran atraparnos junto a <strong>Zinedine Zidane<\/strong> y <strong>Marcelo.<\/strong><\/p>\n<p>Adidas lanz\u00f3 <em><strong>Tango Squad<\/strong><\/em>, la plataforma conformada por grandes estrellas que ayuda a que diferentes jugadores del mundo brillen junto a los gigantes.<\/p>\n<p><strong><em>Tango Squad<\/em><\/strong> est\u00e1 conformado por jugadores de 15 ciudades de todo el mundo de entre 16 y 19 a\u00f1os, quienes luchar\u00e1n con su creatividad para darle un giro al deporte.<\/p>\n<p>Conoce m\u00e1s de ellos en los cap\u00edtulos <strong><em>Unleash your Creativity <\/em><\/strong>y <em><strong>Create Posivity<\/strong><\/em><strong>.<\/strong><\/p>\n<h3>Que nada te detenga y explota tu creatividad.<\/h3>\n<p><iframe loading=\"lazy\" src=\"https:\/\/www.youtube.com\/embed\/8foCW6zxlRc\" frameborder=\"0\" allowfullscreen=\"allowfullscreen\"><\/iframe><\/p>\n<p><a href=\"https:\/\/www.futboltotal.com.mx\/2017\/09\/andres-guardado-confiesa-real-madrid-lo-busco\/\" target=\"_blank\" rel=\"noopener\">VER M\u00c1S: Andr\u00e9s Guardado confiesa que Real Madrid lo busc\u00f3<\/a><\/p>\n","protected":false},"excerpt":{"rendered":"<p>Un grupo de j\u00f3venes futbolistas del adidas Tango Squad protagonizan la campa\u00f1a junto a Zinedine Zidane y Marcelo.<\/p>\n","protected":false},"author":157,"featured_media":502688,"comment_status":"closed","ping_status":"closed","sticky":false,"template":"","format":"standard","meta":[],"categories":[5419],"tags":[1560,10498,10496,2779,10495,9494,10497],"_links":{"self":[{"href":"http:\/\/desarrollo.grupomedios.com\/futbol\/wp-json\/wp\/v2\/posts\/502680"}],"collection":[{"href":"http:\/\/desarrollo.grupomedios.com\/futbol\/wp-json\/wp\/v2\/posts"}],"about":[{"href":"http:\/\/desarrollo.grupomedios.com\/futbol\/wp-json\/wp\/v2\/types\/post"}],"author":[{"embeddable":true,"href":"http:\/\/desarrollo.grupomedios.com\/futbol\/wp-json\/wp\/v2\/users\/157"}],"replies":[{"embeddable":true,"href":"http:\/\/desarrollo.grupomedios.com\/futbol\/wp-json\/wp\/v2\/comments?post=502680"}],"version-history":[{"count":10,"href":"http:\/\/desarrollo.grupomedios.com\/futbol\/wp-json\/wp\/v2\/posts\/502680\/revisions"}],"predecessor-version":[{"id":503366,"href":"http:\/\/desarrollo.grupomedios.com\/futbol\/wp-json\/wp\/v2\/posts\/502680\/revisions\/503366"}],"wp:featuredmedia":[{"embeddable":true,"href":"http:\/\/desarrollo.grupomedios.com\/futbol\/wp-json\/wp\/v2\/media\/502688"}],"wp:attachment":[{"href":"http:\/\/desarrollo.grupomedios.com\/futbol\/wp-json\/wp\/v2\/media?parent=502680"}],"wp:term":[{"taxonomy":"category","embeddable":true,"href":"http:\/\/desarrollo.grupomedios.com\/futbol\/wp-json\/wp\/v2\/categories?post=502680"},{"taxonomy":"post_tag","embeddable":true,"href":"http:\/\/desarrollo.grupomedios.com\/futbol\/wp-json\/wp\/v2\/tags?post=502680"}],"curies":[{"name":"wp","href":"https:\/\/api.w.org\/{rel}","templated":true}]}}