{"id":502741,"date":"2017-10-03T12:19:27","date_gmt":"2017-10-03T17:19:27","guid":{"rendered":"https:\/\/www.futboltotal.com.mx\/?p=502741"},"modified":"2017-10-03T12:24:44","modified_gmt":"2017-10-03T17:24:44","slug":"confirmado-mexico-presentara-jersey-mundialista-en-noviembre","status":"publish","type":"post","link":"http:\/\/desarrollo.grupomedios.com\/futbol\/destacado-home\/confirmado-mexico-presentara-jersey-mundialista-en-noviembre\/2017\/10","title":{"rendered":"Confirmado: M\u00e9xico presentar\u00e1 jersey mundialista en noviembre"},"content":{"rendered":"<p>El nuevo jersey de la <strong>Selecci\u00f3n Mexicana<\/strong>, el mismo con el que disputar\u00e1 el <strong>Mundial de Rusia 2018<\/strong>, ser\u00e1 estrenado dentro de poco m\u00e1s de un mes, el <strong>10 de noviembre<\/strong>, cuando el <strong>Tri<\/strong> vista esta playera para el juego amistoso contra <strong>B\u00e9lgica<\/strong>.<\/p>\n<p>Sin embargo, estas playeras (de local con tono verde y l\u00edneas de un verde m\u00e1s tenue m\u00e1s otras l\u00edneas blancas en los hombros, mientras la de visita ser\u00e1 en blanco con l\u00edneas horizontales en verde, blanco y rojo al frente a media altura) saldr\u00e1n a la venta al p\u00fablico en tiendas departamentales de <strong>M\u00e9xico\u00a0<\/strong>cuatro d\u00edas antes, el <strong>6 de noviembre<\/strong>, informaci\u00f3n confirmada por fuentes de una de estas tiendas.<\/p>\n<p style=\"text-align: center;\"><a href=\"https:\/\/www.futboltotal.com.mx\/2017\/10\/las-chivas-realmente-estan-eliminadas-liguilla\/\" target=\"_blank\" rel=\"noopener\"><span style=\"color: #333399;\">VER M\u00c1S: \u00bfLas Chivas realmente est\u00e1n eliminadas de Liguilla?<\/span><\/a><\/p>\n<p><a href=\"https:\/\/www.futboltotal.com.mx\/wp-content\/uploads\/2017\/10\/Jersey-Mexico-Playera-Nueva2.jpg\"><img decoding=\"async\" loading=\"lazy\" class=\"aligncenter size-large wp-image-502755\" src=\"https:\/\/www.futboltotal.com.mx\/wp-content\/uploads\/2017\/10\/Jersey-Mexico-Playera-Nueva2-1024x576.jpg\" alt=\"Confirmado: M\u00e9xico presentar\u00e1 jersey mundialista en noviembre 0\" srcset=\"http:\/\/desarrollo.grupomedios.com\/futbol\/wp-content\/uploads\/2017\/10\/Jersey-Mexico-Playera-Nueva2-1024x576.jpg 1024w, http:\/\/desarrollo.grupomedios.com\/futbol\/wp-content\/uploads\/2017\/10\/Jersey-Mexico-Playera-Nueva2-300x169.jpg 300w, http:\/\/desarrollo.grupomedios.com\/futbol\/wp-content\/uploads\/2017\/10\/Jersey-Mexico-Playera-Nueva2-768x432.jpg 768w, http:\/\/desarrollo.grupomedios.com\/futbol\/wp-content\/uploads\/2017\/10\/Jersey-Mexico-Playera-Nueva2-393x221.jpg 393w, http:\/\/desarrollo.grupomedios.com\/futbol\/wp-content\/uploads\/2017\/10\/Jersey-Mexico-Playera-Nueva2.jpg 1136w\" sizes=\"(max-width: 1024px) 100vw, 1024px\" \/><\/a><\/p>\n<p>Dentro de la gira europea que el Tri realizar\u00e1 en noviembre, enfrentando a los <em>Diablos Rojos<\/em> y a <strong>Polonia<\/strong>, se aprovechar\u00e1 para que sea el pretexto ideal de la marca deportiva <strong>adidas<\/strong> para dar a conocer la nueva indumentaria del cuadro mexicano.<\/p>\n<p><a href=\"https:\/\/www.futboltotal.com.mx\/wp-content\/uploads\/2017\/10\/Jersey-Mexico-Playera-Nueva.jpg\"><img decoding=\"async\" loading=\"lazy\" class=\"aligncenter size-large wp-image-502742\" src=\"https:\/\/www.futboltotal.com.mx\/wp-content\/uploads\/2017\/10\/Jersey-Mexico-Playera-Nueva-1024x576.jpg\" alt=\"Confirmado: M\u00e9xico presentar\u00e1 jersey mundialista en noviembre 1\" srcset=\"http:\/\/desarrollo.grupomedios.com\/futbol\/wp-content\/uploads\/2017\/10\/Jersey-Mexico-Playera-Nueva-1024x576.jpg 1024w, http:\/\/desarrollo.grupomedios.com\/futbol\/wp-content\/uploads\/2017\/10\/Jersey-Mexico-Playera-Nueva-300x169.jpg 300w, http:\/\/desarrollo.grupomedios.com\/futbol\/wp-content\/uploads\/2017\/10\/Jersey-Mexico-Playera-Nueva-768x432.jpg 768w, http:\/\/desarrollo.grupomedios.com\/futbol\/wp-content\/uploads\/2017\/10\/Jersey-Mexico-Playera-Nueva-393x221.jpg 393w, http:\/\/desarrollo.grupomedios.com\/futbol\/wp-content\/uploads\/2017\/10\/Jersey-Mexico-Playera-Nueva.jpg 1136w\" sizes=\"(max-width: 1024px) 100vw, 1024px\" \/><\/a><\/p>\n<p>De acuerdo a reportes de distintos medios mexicanos, jugadores del Tri tomaron parte de una sesi\u00f3n fotogr\u00e1fica con el nuevo uniforme para generar la publicidad con la que se vender\u00e1n las playeras, aunque a\u00fan est\u00e1 pendiente que se revele el tercer uniforme del equipo mexicano.<\/p>\n<p><img decoding=\"async\" loading=\"lazy\" class=\"aligncenter size-large wp-image-502754\" src=\"https:\/\/www.futboltotal.com.mx\/wp-content\/uploads\/2017\/10\/Jersey-Mexico-Playera-Nueva-visita-1024x576.jpg\" alt=\"Confirmado: M\u00e9xico presentar\u00e1 jersey mundialista en noviembre 2\" srcset=\"http:\/\/desarrollo.grupomedios.com\/futbol\/wp-content\/uploads\/2017\/10\/Jersey-Mexico-Playera-Nueva-visita-1024x576.jpg 1024w, http:\/\/desarrollo.grupomedios.com\/futbol\/wp-content\/uploads\/2017\/10\/Jersey-Mexico-Playera-Nueva-visita-300x169.jpg 300w, http:\/\/desarrollo.grupomedios.com\/futbol\/wp-content\/uploads\/2017\/10\/Jersey-Mexico-Playera-Nueva-visita-768x432.jpg 768w, http:\/\/desarrollo.grupomedios.com\/futbol\/wp-content\/uploads\/2017\/10\/Jersey-Mexico-Playera-Nueva-visita-393x221.jpg 393w, http:\/\/desarrollo.grupomedios.com\/futbol\/wp-content\/uploads\/2017\/10\/Jersey-Mexico-Playera-Nueva-visita.jpg 1136w\" sizes=\"(max-width: 1024px) 100vw, 1024px\" \/><\/p>\n","protected":false},"excerpt":{"rendered":"<p>La gira europea del Tri ser\u00e1 el pretexto perfecto.<\/p>\n","protected":false},"author":20,"featured_media":502747,"comment_status":"closed","ping_status":"closed","sticky":false,"template":"","format":"standard","meta":[],"categories":[5,2198,3847],"tags":[1560,1624,65,5829,2175],"_links":{"self":[{"href":"http:\/\/desarrollo.grupomedios.com\/futbol\/wp-json\/wp\/v2\/posts\/502741"}],"collection":[{"href":"http:\/\/desarrollo.grupomedios.com\/futbol\/wp-json\/wp\/v2\/posts"}],"about":[{"href":"http:\/\/desarrollo.grupomedios.com\/futbol\/wp-json\/wp\/v2\/types\/post"}],"author":[{"embeddable":true,"href":"http:\/\/desarrollo.grupomedios.com\/futbol\/wp-json\/wp\/v2\/users\/20"}],"replies":[{"embeddable":true,"href":"http:\/\/desarrollo.grupomedios.com\/futbol\/wp-json\/wp\/v2\/comments?post=502741"}],"version-history":[{"count":3,"href":"http:\/\/desarrollo.grupomedios.com\/futbol\/wp-json\/wp\/v2\/posts\/502741\/revisions"}],"predecessor-version":[{"id":502761,"href":"http:\/\/desarrollo.grupomedios.com\/futbol\/wp-json\/wp\/v2\/posts\/502741\/revisions\/502761"}],"wp:featuredmedia":[{"embeddable":true,"href":"http:\/\/desarrollo.grupomedios.com\/futbol\/wp-json\/wp\/v2\/media\/502747"}],"wp:attachment":[{"href":"http:\/\/desarrollo.grupomedios.com\/futbol\/wp-json\/wp\/v2\/media?parent=502741"}],"wp:term":[{"taxonomy":"category","embeddable":true,"href":"http:\/\/desarrollo.grupomedios.com\/futbol\/wp-json\/wp\/v2\/categories?post=502741"},{"taxonomy":"post_tag","embeddable":true,"href":"http:\/\/desarrollo.grupomedios.com\/futbol\/wp-json\/wp\/v2\/tags?post=502741"}],"curies":[{"name":"wp","href":"https:\/\/api.w.org\/{rel}","templated":true}]}}