{"id":502746,"date":"2017-10-03T12:08:17","date_gmt":"2017-10-03T17:08:17","guid":{"rendered":"https:\/\/www.futboltotal.com.mx\/?p=502746"},"modified":"2017-10-03T13:06:29","modified_gmt":"2017-10-03T18:06:29","slug":"serie-revela-se-construyo-estadio-azteca","status":"publish","type":"post","link":"http:\/\/desarrollo.grupomedios.com\/futbol\/videos\/serie-revela-se-construyo-estadio-azteca\/2017\/10","title":{"rendered":"Serie revela c\u00f3mo se construy\u00f3 el estadio Azteca"},"content":{"rendered":"<p>Dentro de la serie <em>Gigantes de M\u00e9xico<\/em> presentada por el canal <em>History Channel<\/em>, ha contado c\u00f3mo fue que se construy\u00f3 el <strong>estadio Azteca<\/strong> en 1966 y la forma en que el due\u00f1o de Televisa y del Am\u00e9rica, <strong>Emilio Azc\u00e1rraga Milmo<\/strong>, ide\u00f3 el recinto que cambiar\u00eda M\u00e9xico.<\/p>\n<p><strong>Azc\u00e1rraga<\/strong> junt\u00f3 a Guillermo Ca\u00f1edo, entonces presidente de la Federaci\u00f3n Mexicana de Futbol, y al Arquitecto Pedro Ram\u00edrez V\u00e1zquez, quien encabezar\u00eda el proyecto del <strong>Estadio Azteca<\/strong> para as\u00ed poder conseguir ante la FIFA candidatura para realizar la Copa del Mundo de 1970.<\/p>\n<p style=\"text-align: center;\"><span style=\"color: #3366ff;\"><a href=\"https:\/\/www.futboltotal.com.mx\/2017\/10\/jesus-martinez-denuncio-amenazas-televisa-a-duenos-clubes\/\">VER M\u00c1S: Jes\u00fas Mart\u00ednez denunci\u00f3 amenazas de Televisa a due\u00f1os de clubes<\/a><\/span><\/p>\n<p>Cuando el arquitecto Ram\u00edrez V\u00e1zquez present\u00f3 a <strong>Azc\u00e1rraga Milmo<\/strong> la maqueta del <strong>Estadio Azteca,<\/strong>el directivo americanista qued\u00f3 encantando, pues era el estadio perfecto para ser la sede.<\/p>\n<p>Aqu\u00ed te dejamos el video para que lo cheques.<\/p>\n<p style=\"text-align: center;\"><span style=\"color: #3366ff;\"><a href=\"https:\/\/www.futboltotal.com.mx\/2017\/10\/mauro-boselli-los-peores-delantero-la-premier-league\/\">VER M\u00c1S: Mauro Boselli, entre los peores delantero de la Premier League<\/a><\/span><\/p>\n<p><iframe loading=\"lazy\" src=\"https:\/\/www.youtube.com\/embed\/P4bWuMp3py8?feature=oembed\" frameborder=\"0\" allowfullscreen><\/iframe><\/p>\n","protected":false},"excerpt":{"rendered":"<p>As\u00ed fue c\u00f3mo se gener\u00f3 la idea para crear el estadio Azteca.<\/p>\n","protected":false},"author":20,"featured_media":502750,"comment_status":"closed","ping_status":"closed","sticky":false,"template":"","format":"standard","meta":[],"categories":[3839,4],"tags":[554,6214],"_links":{"self":[{"href":"http:\/\/desarrollo.grupomedios.com\/futbol\/wp-json\/wp\/v2\/posts\/502746"}],"collection":[{"href":"http:\/\/desarrollo.grupomedios.com\/futbol\/wp-json\/wp\/v2\/posts"}],"about":[{"href":"http:\/\/desarrollo.grupomedios.com\/futbol\/wp-json\/wp\/v2\/types\/post"}],"author":[{"embeddable":true,"href":"http:\/\/desarrollo.grupomedios.com\/futbol\/wp-json\/wp\/v2\/users\/20"}],"replies":[{"embeddable":true,"href":"http:\/\/desarrollo.grupomedios.com\/futbol\/wp-json\/wp\/v2\/comments?post=502746"}],"version-history":[{"count":3,"href":"http:\/\/desarrollo.grupomedios.com\/futbol\/wp-json\/wp\/v2\/posts\/502746\/revisions"}],"predecessor-version":[{"id":502769,"href":"http:\/\/desarrollo.grupomedios.com\/futbol\/wp-json\/wp\/v2\/posts\/502746\/revisions\/502769"}],"wp:featuredmedia":[{"embeddable":true,"href":"http:\/\/desarrollo.grupomedios.com\/futbol\/wp-json\/wp\/v2\/media\/502750"}],"wp:attachment":[{"href":"http:\/\/desarrollo.grupomedios.com\/futbol\/wp-json\/wp\/v2\/media?parent=502746"}],"wp:term":[{"taxonomy":"category","embeddable":true,"href":"http:\/\/desarrollo.grupomedios.com\/futbol\/wp-json\/wp\/v2\/categories?post=502746"},{"taxonomy":"post_tag","embeddable":true,"href":"http:\/\/desarrollo.grupomedios.com\/futbol\/wp-json\/wp\/v2\/tags?post=502746"}],"curies":[{"name":"wp","href":"https:\/\/api.w.org\/{rel}","templated":true}]}}