{"id":502751,"date":"2017-10-03T12:18:55","date_gmt":"2017-10-03T17:18:55","guid":{"rendered":"https:\/\/www.futboltotal.com.mx\/?p=502751"},"modified":"2017-10-03T12:18:55","modified_gmt":"2017-10-03T17:18:55","slug":"diego-simeone-suena-llegar-al-bayern-munich","status":"publish","type":"post","link":"http:\/\/desarrollo.grupomedios.com\/futbol\/futbol-internacional\/diego-simeone-suena-llegar-al-bayern-munich\/2017\/10","title":{"rendered":"Diego Simeone suena para llegar al Bayern Munich"},"content":{"rendered":"<p><strong>Bayern Munich<\/strong> se encuentra en busca de un nuevo estratega y los nombres han comenzado a aparecer en la baraja de los directivos b\u00e1varos.<\/p>\n<p>Los nombres que han surgido alrededor han sido los de <strong>J\u00fcrgen Klopp<\/strong> del Liverpool, y <strong>Tomas Tuchel<\/strong>; sin embargo ha surgido un nuevo en la \u00f3rbita del conjunto de la Bundesliga, <strong>Diego Simeone<\/strong>.<\/p>\n<p style=\"text-align: center;\"><span style=\"color: #333399;\"><a href=\"https:\/\/www.futboltotal.com.mx\/2017\/10\/griezmann-podria-llegar-al-arsenal-gracias-a-lacazette\/\" target=\"_blank\" rel=\"noopener\">VER M\u00c1S: Griezmann podr\u00eda llegar al Arsenal por esta raz\u00f3n<\/a><\/span><\/p>\n<p>El estratega del Atl\u00e9tico de Madrid es objeto del deseo de varios equipos<strong>; Inter de Milan y Paris Saint-Germain<\/strong> son dos de los m\u00e1s interesados y ahora, de acuerdo con el <em>diario AS,<\/em> el Bayern Munich se habr\u00eda apuntado para hacerse con el argentino.<\/p>\n<p>Sin embargo, el propio Simeone no estar\u00eda interesado en escuchar ofertas por el momento, pues planea quedarse con los colchoneros por largo rato, si la directiva contin\u00faa manteniendo la filosof\u00eda que ha llevado en los \u00faltimos a\u00f1os.<\/p>\n<p style=\"text-align: center;\"><span style=\"color: #333399;\"><a href=\"https:\/\/www.futboltotal.com.mx\/2017\/10\/arsenal-prepara-intercambio-jugadores-psg\/\" target=\"_blank\" rel=\"noopener\">VER M\u00c1S: Arsenal y PSG preparan intercambio de futbolistas<\/a><\/span><\/p>\n","protected":false},"excerpt":{"rendered":"<p>El estratega ha despertado el inter\u00e9s de los b\u00e1varos<\/p>\n","protected":false},"author":20,"featured_media":479999,"comment_status":"closed","ping_status":"closed","sticky":false,"template":"","format":"standard","meta":[],"categories":[7740,3839],"tags":[6007,2056,1384],"_links":{"self":[{"href":"http:\/\/desarrollo.grupomedios.com\/futbol\/wp-json\/wp\/v2\/posts\/502751"}],"collection":[{"href":"http:\/\/desarrollo.grupomedios.com\/futbol\/wp-json\/wp\/v2\/posts"}],"about":[{"href":"http:\/\/desarrollo.grupomedios.com\/futbol\/wp-json\/wp\/v2\/types\/post"}],"author":[{"embeddable":true,"href":"http:\/\/desarrollo.grupomedios.com\/futbol\/wp-json\/wp\/v2\/users\/20"}],"replies":[{"embeddable":true,"href":"http:\/\/desarrollo.grupomedios.com\/futbol\/wp-json\/wp\/v2\/comments?post=502751"}],"version-history":[{"count":1,"href":"http:\/\/desarrollo.grupomedios.com\/futbol\/wp-json\/wp\/v2\/posts\/502751\/revisions"}],"predecessor-version":[{"id":502758,"href":"http:\/\/desarrollo.grupomedios.com\/futbol\/wp-json\/wp\/v2\/posts\/502751\/revisions\/502758"}],"wp:featuredmedia":[{"embeddable":true,"href":"http:\/\/desarrollo.grupomedios.com\/futbol\/wp-json\/wp\/v2\/media\/479999"}],"wp:attachment":[{"href":"http:\/\/desarrollo.grupomedios.com\/futbol\/wp-json\/wp\/v2\/media?parent=502751"}],"wp:term":[{"taxonomy":"category","embeddable":true,"href":"http:\/\/desarrollo.grupomedios.com\/futbol\/wp-json\/wp\/v2\/categories?post=502751"},{"taxonomy":"post_tag","embeddable":true,"href":"http:\/\/desarrollo.grupomedios.com\/futbol\/wp-json\/wp\/v2\/tags?post=502751"}],"curies":[{"name":"wp","href":"https:\/\/api.w.org\/{rel}","templated":true}]}}