{"id":502753,"date":"2017-10-03T12:29:17","date_gmt":"2017-10-03T17:29:17","guid":{"rendered":"https:\/\/www.futboltotal.com.mx\/?p=502753"},"modified":"2017-10-03T12:29:17","modified_gmt":"2017-10-03T17:29:17","slug":"sergio-ramos-contesta-a-pique-presume-espana","status":"publish","type":"post","link":"http:\/\/desarrollo.grupomedios.com\/futbol\/futbol-internacional\/sergio-ramos-contesta-a-pique-presume-espana\/2017\/10","title":{"rendered":"Sergio Ramos contesta a Piqu\u00e9 y presume ser de Espa\u00f1a"},"content":{"rendered":"<p><strong>Sergio Ramos<\/strong>, capit\u00e1n del <strong>Real Madrid<\/strong> y la selecci\u00f3n espa\u00f1ola, presumi\u00f3 de su pa\u00eds con una foto reivindicativa en su cuenta de Instagram, en un momento delicado con la situaci\u00f3n de Catalu\u00f1a y la pol\u00e9mica que acompa\u00f1a a <strong>Gerard Piqu\u00e9<\/strong>.<\/p>\n<p><strong>Ramos<\/strong> sale en la imagen que colg\u00f3 en Instagram celebrando dos goles con el <strong>Real Madrid<\/strong> y la selecci\u00f3n espa\u00f1ola, en un montaje en el que muestra el mapa de <strong>Espa\u00f1a<\/strong> con los colores de la bandera y la corona del escudo madridista.<\/p>\n<p>&#8220;El capit\u00e1n <strong>Sergio Ramos<\/strong>&#8221; figura escrito sobre el mapa, debajo de una corona que recuerda la celebraci\u00f3n en el Santiago Bernab\u00e9u del camero tras la conquista de la duod\u00e9cima Champions League en Cardiff. EFE<\/p>\n<p style=\"text-align: center;\"><span style=\"color: #3366ff;\"><a href=\"https:\/\/www.futboltotal.com.mx\/2017\/10\/las-chivas-realmente-estan-eliminadas-liguilla\/\">VER M\u00c1S: \u00bfLas Chivas realmente est\u00e1n eliminadas de Liguilla?<\/a><\/span><\/p>\n<p><a href=\"https:\/\/www.futboltotal.com.mx\/wp-content\/uploads\/2017\/10\/sergio-ramos.jpg\"><img decoding=\"async\" loading=\"lazy\" class=\"size-full wp-image-502756 aligncenter\" src=\"https:\/\/www.futboltotal.com.mx\/wp-content\/uploads\/2017\/10\/sergio-ramos.jpg\" alt=\"Sergio Ramos contesta a Piqu\u00e9 y presume ser de Espa\u00f1a 0\" srcset=\"http:\/\/desarrollo.grupomedios.com\/futbol\/wp-content\/uploads\/2017\/10\/sergio-ramos.jpg 600w, http:\/\/desarrollo.grupomedios.com\/futbol\/wp-content\/uploads\/2017\/10\/sergio-ramos-225x300.jpg 225w\" sizes=\"(max-width: 600px) 100vw, 600px\" \/><\/a><\/p>\n","protected":false},"excerpt":{"rendered":"<p>El espa\u00f1ol colg\u00f3 una foto en Instagram con la bandera de Espa\u00f1a.<\/p>\n","protected":false},"author":144,"featured_media":496835,"comment_status":"closed","ping_status":"closed","sticky":false,"template":"","format":"standard","meta":[],"categories":[3839],"tags":[253,6015,6020],"_links":{"self":[{"href":"http:\/\/desarrollo.grupomedios.com\/futbol\/wp-json\/wp\/v2\/posts\/502753"}],"collection":[{"href":"http:\/\/desarrollo.grupomedios.com\/futbol\/wp-json\/wp\/v2\/posts"}],"about":[{"href":"http:\/\/desarrollo.grupomedios.com\/futbol\/wp-json\/wp\/v2\/types\/post"}],"author":[{"embeddable":true,"href":"http:\/\/desarrollo.grupomedios.com\/futbol\/wp-json\/wp\/v2\/users\/144"}],"replies":[{"embeddable":true,"href":"http:\/\/desarrollo.grupomedios.com\/futbol\/wp-json\/wp\/v2\/comments?post=502753"}],"version-history":[{"count":1,"href":"http:\/\/desarrollo.grupomedios.com\/futbol\/wp-json\/wp\/v2\/posts\/502753\/revisions"}],"predecessor-version":[{"id":502762,"href":"http:\/\/desarrollo.grupomedios.com\/futbol\/wp-json\/wp\/v2\/posts\/502753\/revisions\/502762"}],"wp:featuredmedia":[{"embeddable":true,"href":"http:\/\/desarrollo.grupomedios.com\/futbol\/wp-json\/wp\/v2\/media\/496835"}],"wp:attachment":[{"href":"http:\/\/desarrollo.grupomedios.com\/futbol\/wp-json\/wp\/v2\/media?parent=502753"}],"wp:term":[{"taxonomy":"category","embeddable":true,"href":"http:\/\/desarrollo.grupomedios.com\/futbol\/wp-json\/wp\/v2\/categories?post=502753"},{"taxonomy":"post_tag","embeddable":true,"href":"http:\/\/desarrollo.grupomedios.com\/futbol\/wp-json\/wp\/v2\/tags?post=502753"}],"curies":[{"name":"wp","href":"https:\/\/api.w.org\/{rel}","templated":true}]}}